{"id":101,"date":"2016-10-22T11:17:16","date_gmt":"2016-10-22T09:17:16","guid":{"rendered":"http:\/\/www.fortifications.fr\/Blog_Artillerie_fortifications\/?p=101"},"modified":"2016-10-22T11:17:16","modified_gmt":"2016-10-22T09:17:16","slug":"fortifications-architecture-contemporaine-saarlouis-ravelin-v","status":"publish","type":"post","link":"http:\/\/www.fortifications.fr\/Blog_Artillerie_fortifications\/?p=101","title":{"rendered":"Fortifications &#038; architecture contemporaine\u2026 Saarlouis, Ravelin V"},"content":{"rendered":"<div data-blogger-escaped-style=\"line-height: normal;\">\n<p><span data-blogger-escaped-style=\"-webkit-font-kerning: none;\"><span data-blogger-escaped-style=\"font-family: Verdana, sans-serif;\">La ville de Saarlouis r\u00e9alise de tr\u00e8s importants travaux de mise en valeur ses fortifications et certaines r\u00e9alisations peuvent, \u00e0 mon sens, \u00eatre qualifi\u00e9es d&rsquo;exemplaires.<\/span><\/span><\/p>\n<\/div>\n<div data-blogger-escaped-style=\"line-height: normal;\">\n<p><span data-blogger-escaped-style=\"font-kerning: none;\"><span data-blogger-escaped-style=\"font-family: Verdana, sans-serif;\">C&rsquo;est tout particuli\u00e8rement le cas du secteur du Ravelin V qui revoit litt\u00e9ralement le jour. On y trouve, entre autres, un escalier d&rsquo;une conception os\u00e9e sur le plan\u00a0architectural\u00a0: s&rsquo;il s&rsquo;int\u00e8gre parfaitement au site, il pr\u00e9sente\u00a0\u00e9galement\u00a0une s\u00e9rie de traits qui m&rsquo;ont particuli\u00e8rement s\u00e9duits :<\/span><\/span><\/p>\n<\/div>\n<ul>\n<li><span data-blogger-escaped-style=\"font-family: Verdana, sans-serif;\">Sa conception \u2014 une sorte d&rsquo;escalier-rampe contemporain \u2014 lui permet d&rsquo;\u00eatre emprunt\u00e9 sans difficult\u00e9 aussi bien par les pi\u00e9tons que par les personnes \u00e0 mobilit\u00e9 r\u00e9duite !<\/span><\/li>\n<\/ul>\n<ul>\n<li><span data-blogger-escaped-style=\"font-family: Verdana, sans-serif;\">Une autre fonction correspond \u00e0 celle de tribune permettant\u00a0d&rsquo;accueillir un nombre cons\u00e9quent de spectateurs alors que le foss\u00e9 sert alors de sc\u00e8ne.<\/span><\/li>\n<\/ul>\n<div data-blogger-escaped-style=\"line-height: normal; min-height: 19px;\">\n<p><span data-blogger-escaped-style=\"font-family: Verdana, sans-serif;\">Une vraie r\u00e9ussite \u00a0qui permet d&rsquo;allier fortifications, architecture contemporaine et\u2026 intelligence !<\/span><\/p>\n<\/div>\n<p data-blogger-escaped-style=\"clear: both; text-align: center;\"><a href=\"http:\/\/4.bp.blogspot.com\/-qILjMQaUIxg\/WAQJlqqbe4I\/AAAAAAAABOc\/2NqgXHAui3w9bTh5rr_cZiFOOBSe_QdywCK4B\/s1600\/Saarlouis-DGF-2016-2.jpg\" data-blogger-escaped-style=\"margin-left: 1em; margin-right: 1em;\"><img loading=\"lazy\" decoding=\"async\" src=\"https:\/\/4.bp.blogspot.com\/-qILjMQaUIxg\/WAQJlqqbe4I\/AAAAAAAABOc\/2NqgXHAui3w9bTh5rr_cZiFOOBSe_QdywCK4B\/s640\/Saarlouis-DGF-2016-2.jpg\" width=\"640\" height=\"424\" border=\"0\" \/><\/a><\/p>\n<div data-blogger-escaped-style=\"line-height: normal; min-height: 19px;\"><\/div>\n<div data-blogger-escaped-style=\"line-height: normal; min-height: 19px;\">\n<p><span data-blogger-escaped-style=\"font-family: Verdana, sans-serif;\"><a href=\"http:\/\/2.bp.blogspot.com\/-8XWh4TiqyyI\/WAQJwql16aI\/AAAAAAAABOk\/mXx6AM2KP_UdNHII__z84wIijq8qgXLMgCK4B\/s1600\/Saarlouis-DGF-2016-3.jpg\"><img loading=\"lazy\" decoding=\"async\" src=\"https:\/\/2.bp.blogspot.com\/-8XWh4TiqyyI\/WAQJwql16aI\/AAAAAAAABOk\/mXx6AM2KP_UdNHII__z84wIijq8qgXLMgCK4B\/s640\/Saarlouis-DGF-2016-3.jpg\" width=\"640\" height=\"427\" border=\"0\" \/><\/a><\/span><\/p>\n<\/div>\n<div data-blogger-escaped-style=\"line-height: normal; min-height: 19px;\"><\/div>\n<div data-blogger-escaped-style=\"line-height: normal; min-height: 19px;\">\n<p><a href=\"http:\/\/2.bp.blogspot.com\/-2rx5KL9030U\/WAQJ2dMeiYI\/AAAAAAAABOs\/xIfrsZjOlxcJxAmT2XIuSEUG1O6ZA8oPgCK4B\/s1600\/Saarlouis-DGF-2016-4.jpg\"><img loading=\"lazy\" decoding=\"async\" src=\"https:\/\/2.bp.blogspot.com\/-2rx5KL9030U\/WAQJ2dMeiYI\/AAAAAAAABOs\/xIfrsZjOlxcJxAmT2XIuSEUG1O6ZA8oPgCK4B\/s640\/Saarlouis-DGF-2016-4.jpg\" width=\"640\" height=\"408\" border=\"0\" \/><\/a><\/p>\n<\/div>\n<div data-blogger-escaped-style=\"line-height: normal; min-height: 19px;\"><\/div>\n<div data-blogger-escaped-style=\"line-height: normal; min-height: 19px;\">\n<p><span data-blogger-escaped-style=\"font-family: Verdana, sans-serif;\">Que cache cette structure faisant \u00e9galement\u00a0office\u00a0de table d&rsquo;orientation et de de support pour des\u00a0panneaux\u00a0explicatifs?<\/span><\/p>\n<\/div>\n<div data-blogger-escaped-style=\"line-height: normal; min-height: 19px;\">\n<p><a href=\"http:\/\/4.bp.blogspot.com\/-xScqGCX18Pw\/WAQKXv6H7sI\/AAAAAAAABO0\/tu8CmL0slQQlwKsZ5Jo-itH2BOpWqAVaQCK4B\/s1600\/IMG_0067.jpg\"><img loading=\"lazy\" decoding=\"async\" src=\"https:\/\/4.bp.blogspot.com\/-xScqGCX18Pw\/WAQKXv6H7sI\/AAAAAAAABO0\/tu8CmL0slQQlwKsZ5Jo-itH2BOpWqAVaQCK4B\/s640\/IMG_0067.jpg\" width=\"640\" height=\"480\" border=\"0\" \/><\/a><\/p>\n<\/div>\n<div data-blogger-escaped-style=\"line-height: normal; min-height: 19px; text-align: right;\">\n<p><span data-blogger-escaped-style=\"font-family: Verdana, sans-serif;\">\u2026 un transformateur \u00e9lectrique !<\/span><\/p>\n<\/div>\n<div data-blogger-escaped-style=\"line-height: normal; min-height: 19px;\">\n<p><span data-blogger-escaped-style=\"font-family: Verdana, sans-serif;\">Les acteurs du projet\u2026<\/span><\/p>\n<\/div>\n<div data-blogger-escaped-style=\"line-height: normal; min-height: 19px;\">\n<p><span data-blogger-escaped-style=\"font-family: Verdana, sans-serif;\">Landschaftsarchitekten HDK Dutt &amp;amp; Kist GmbH, Saarbr\u00fccken<\/span><\/p>\n<\/div>\n<div data-blogger-escaped-style=\"line-height: normal; min-height: 19px;\">\n<p><span data-blogger-escaped-style=\"font-family: Verdana, sans-serif;\">Mitarbeiter Thamayanthini Thiruchelvam<\/span><\/p>\n<\/div>\n<div data-blogger-escaped-style=\"line-height: normal; min-height: 19px;\">\n<p><span data-blogger-escaped-style=\"font-family: Verdana, sans-serif;\">Projektpartner IBZ GmbH<\/span><\/p>\n<\/div>\n<div data-blogger-escaped-style=\"line-height: normal; min-height: 19px;\">\n<p><span data-blogger-escaped-style=\"font-family: Verdana, sans-serif;\">Beratende Ingenieure, IBS Sauder GmbH, Tobias Link Lichtplanung<\/span><\/p>\n<\/div>\n<div data-blogger-escaped-style=\"line-height: normal; min-height: 19px;\">\n<p><span data-blogger-escaped-style=\"font-family: Verdana, sans-serif;\">Bauherrin Kreisstadt Saarlouis, Dezernat III \u2013 Bauen, Umwelt und Immobilien<\/span><\/p>\n<\/div>\n<div data-blogger-escaped-style=\"line-height: normal; min-height: 19px;\"><\/div>\n<p data-blogger-escaped-style=\"clear: both; text-align: center;\"><img decoding=\"async\" id=\"BLOGGER_object_0\" src=\"https:\/\/img1.blogblog.com\/img\/video_object.png\" data-blogger-escaped-style=\"background-color: #b2b2b2; background-image: url(https:\/\/i.ytimg.com\/vi\/l4z0nj0ll5E\/0.jpg); background-position: center; background-repeat: no-repeat; height: 266px; width: 320px; \" data-original-id=\"BLOGGER_object_0\" \/><\/p>\n<div data-blogger-escaped-style=\"line-height: normal; min-height: 19px;\"><\/div>\n","protected":false},"excerpt":{"rendered":"<p>La ville de Saarlouis r\u00e9alise de tr\u00e8s importants travaux de mise en valeur ses fortifications et certaines r\u00e9alisations peuvent, \u00e0 mon sens, \u00eatre qualifi\u00e9es d&rsquo;exemplaires. C&rsquo;est tout particuli\u00e8rement le cas du secteur du Ravelin V qui revoit litt\u00e9ralement le jour. On y trouve, entre autres, un escalier d&rsquo;une conception os\u00e9e sur le plan\u00a0architectural\u00a0: s&rsquo;il s&rsquo;int\u00e8gre &hellip; <a href=\"http:\/\/www.fortifications.fr\/Blog_Artillerie_fortifications\/?p=101\" class=\"more-link\">Continuer la lecture de <span class=\"screen-reader-text\">Fortifications &#038; architecture contemporaine\u2026 Saarlouis, Ravelin V<\/span> <span class=\"meta-nav\">&rarr;<\/span><\/a><\/p>\n","protected":false},"author":1,"featured_media":0,"comment_status":"open","ping_status":"open","sticky":false,"template":"","format":"standard","meta":{"_exactmetrics_skip_tracking":false,"_exactmetrics_sitenote_active":false,"_exactmetrics_sitenote_note":"","_exactmetrics_sitenote_category":0,"footnotes":""},"categories":[2],"tags":[8,13,19,6],"class_list":["post-101","post","type-post","status-publish","format-standard","hentry","category-artillerie-fortifications","tag-architecture-militaire","tag-balliet","tag-fortification-bastionnee","tag-fortifications"],"_links":{"self":[{"href":"http:\/\/www.fortifications.fr\/Blog_Artillerie_fortifications\/index.php?rest_route=\/wp\/v2\/posts\/101","targetHints":{"allow":["GET"]}}],"collection":[{"href":"http:\/\/www.fortifications.fr\/Blog_Artillerie_fortifications\/index.php?rest_route=\/wp\/v2\/posts"}],"about":[{"href":"http:\/\/www.fortifications.fr\/Blog_Artillerie_fortifications\/index.php?rest_route=\/wp\/v2\/types\/post"}],"author":[{"embeddable":true,"href":"http:\/\/www.fortifications.fr\/Blog_Artillerie_fortifications\/index.php?rest_route=\/wp\/v2\/users\/1"}],"replies":[{"embeddable":true,"href":"http:\/\/www.fortifications.fr\/Blog_Artillerie_fortifications\/index.php?rest_route=%2Fwp%2Fv2%2Fcomments&post=101"}],"version-history":[{"count":1,"href":"http:\/\/www.fortifications.fr\/Blog_Artillerie_fortifications\/index.php?rest_route=\/wp\/v2\/posts\/101\/revisions"}],"predecessor-version":[{"id":102,"href":"http:\/\/www.fortifications.fr\/Blog_Artillerie_fortifications\/index.php?rest_route=\/wp\/v2\/posts\/101\/revisions\/102"}],"wp:attachment":[{"href":"http:\/\/www.fortifications.fr\/Blog_Artillerie_fortifications\/index.php?rest_route=%2Fwp%2Fv2%2Fmedia&parent=101"}],"wp:term":[{"taxonomy":"category","embeddable":true,"href":"http:\/\/www.fortifications.fr\/Blog_Artillerie_fortifications\/index.php?rest_route=%2Fwp%2Fv2%2Fcategories&post=101"},{"taxonomy":"post_tag","embeddable":true,"href":"http:\/\/www.fortifications.fr\/Blog_Artillerie_fortifications\/index.php?rest_route=%2Fwp%2Fv2%2Ftags&post=101"}],"curies":[{"name":"wp","href":"https:\/\/api.w.org\/{rel}","templated":true}]}}