{"id":165,"date":"2018-07-18T22:46:00","date_gmt":"2018-07-18T20:46:00","guid":{"rendered":"http:\/\/www.fortifications.fr\/Blog_Artillerie_fortifications\/?p=165"},"modified":"2018-07-18T22:46:00","modified_gmt":"2018-07-18T20:46:00","slug":"un-livre-un-jour-les-fortifications-de-vienne-au-16e-s-wien-als-festungsstadt-im-16-jh","status":"publish","type":"post","link":"http:\/\/www.fortifications.fr\/Blog_Artillerie_fortifications\/?p=165","title":{"rendered":"Un livre, un jour\u2026 Les fortifications de Vienne au 16e s. \u2014 Wien als Festungsstadt im 16. Jh."},"content":{"rendered":"<p><a href=\"http:\/\/2.bp.blogspot.com\/-y6NyJaDRtS8\/WYclzLA41dI\/AAAAAAAABlg\/ve5MCCUTnHcrM0pzcokIFROd2s0mhKJiACK4BGAYYCw\/s1600\/Wien-als-Festungsstadt.jpg\" data-blogger-escaped-style=\"clear: right; float: right; margin-bottom: 1em; margin-left: 1em;\"><img loading=\"lazy\" decoding=\"async\" src=\"https:\/\/2.bp.blogspot.com\/-y6NyJaDRtS8\/WYclzLA41dI\/AAAAAAAABlg\/ve5MCCUTnHcrM0pzcokIFROd2s0mhKJiACK4BGAYYCw\/s400\/Wien-als-Festungsstadt.jpg\" width=\"270\" height=\"400\" border=\"0\" \/><\/a><\/p>\n<p><span style=\"font-family: 'arial' , 'helvetica' , sans-serif;\" data-blogger-escaped-style=\"font-family: Arial, Helvetica, sans-serif;\"><b>OPLL F., KRAUSE H., SONNLECHNER C<\/b> &#8211; <i>Wien als Festungsstadt im 16. Jahrhundert. Zum kartografischen Werk der Mail\u00e4nder Familie Angielini.<\/i> B\u00f6hlau, 2017.<\/span><\/p>\n<p><span style=\"font-family: 'arial' , 'helvetica' , sans-serif;\" data-blogger-escaped-style=\"font-family: Arial, Helvetica, sans-serif;\"><br \/>\n<\/span><span style=\"font-family: 'arial' , 'helvetica' , sans-serif;\" data-blogger-escaped-style=\"font-family: Arial, Helvetica, sans-serif;\">Si, pour nombre d&rsquo;entre vous, hormis quelques sp\u00e9cialistes en fortifications particuli\u00e8rement pointus et germanophones de surcro\u00eet, les fortifications de Vienne peuvent ne pr\u00e9senter que peu d&rsquo;int\u00e9r\u00eat, vous auriez peut-\u00eatre tort au regard de la richesse de cet ouvrage.<\/span><\/p>\n<p><span style=\"font-family: 'arial' , 'helvetica' , sans-serif;\" data-blogger-escaped-style=\"font-family: Arial, Helvetica, sans-serif;\"><br \/>\n<\/span><span style=\"font-family: 'arial' , 'helvetica' , sans-serif;\" data-blogger-escaped-style=\"font-family: Arial, Helvetica, sans-serif;\">En effet, les fortifications de Vienne op\u00e8rent une profonde mutation sous la pression conjugu\u00e9e des Turcs et des \u00e9volutions de l&rsquo;architecture militaire. Sous l&rsquo;influence des ing\u00e9nieurs italiens par mi les plus c\u00e9l\u00e8bres, une imposante enceinte bastionn\u00e9e va d\u00e9sormais d\u00e9fendre Vienne.<\/span><\/p>\n<p><span style=\"font-family: 'arial' , 'helvetica' , sans-serif;\" data-blogger-escaped-style=\"font-family: Arial, Helvetica, sans-serif;\"><br \/>\n<\/span><span style=\"font-family: 'arial' , 'helvetica' , sans-serif;\" data-blogger-escaped-style=\"font-family: Arial, Helvetica, sans-serif;\">D&rsquo;autres ing\u00e9nieurs y feront \u00e9galement une apparition. C&rsquo;est, plus particuli\u00e8rement, le cas de l&rsquo;ing\u00e9nieur strasbourgeois Specklin (i. e. Speckle) dot l&rsquo;influence sur les fortifications de l&rsquo;espace germanique sera importante. \u00c0 ce propos, les auteurs corrigent un certain nombre d&rsquo;id\u00e9es qui r\u00e9v\u00e8lent in fine erron\u00e9es sur le r\u00f4le de Specklin \u00e0 Vienne\u2026 Si Fischer (in FISCHER A. &#8211; Daniel Specklin aus Strassburg (1536-1589). Festungsbaumeister, Ingenieur und Kartograph. Sigmaringen, 1996) lui attribue un r\u00f4le actif et important, ce n&rsquo;est de facto pas le cas. Cependant Specklin tire certainement de son s\u00e9jour prolong\u00e9 \u00e0 Vienne de nombreux enseignements et apporte, par ses \u00e9crits, un t\u00e9moignage de premi\u00e8re main particuli\u00e8rement pr\u00e9cieux ! Pour ceux qui s&rsquo;int\u00e9ressent au c\u00e9l\u00e8bre ing\u00e9nieur strasbourgeois, cet ouvrage un compl\u00e9ment bienvenu !<\/span><\/p>\n<p><span style=\"font-family: 'arial' , 'helvetica' , sans-serif;\" data-blogger-escaped-style=\"font-family: Arial, Helvetica, sans-serif;\"><br \/>\n<\/span><span style=\"font-family: 'arial' , 'helvetica' , sans-serif;\" data-blogger-escaped-style=\"font-family: Arial, Helvetica, sans-serif;\">Enfin, la qualit\u00e9 des illustrations, un texte fouill\u00e9, de nombreux d\u00e9veloppements \u00e0 propos des ing\u00e9nieurs italiens de l&rsquo;\u00e9poque et de nombreuses annexes particuli\u00e8rement fournies m&rsquo;am\u00e8nent \u00e0 recommander cet ouvrage sans r\u00e9serve.<\/span><\/p>\n<p><span style=\"font-family: 'arial' , 'helvetica' , sans-serif;\" data-blogger-escaped-style=\"font-family: Arial, Helvetica, sans-serif;\"><br \/>\n<\/span><span style=\"font-family: 'arial' , 'helvetica' , sans-serif;\" data-blogger-escaped-style=\"font-family: Arial, Helvetica, sans-serif;\">Bien cordialement.<\/span><\/p>\n<p><span style=\"font-family: 'arial' , 'helvetica' , sans-serif;\" data-blogger-escaped-style=\"font-family: Arial, Helvetica, sans-serif;\"><br \/>\n<\/span><span style=\"font-family: 'arial' , 'helvetica' , sans-serif;\" data-blogger-escaped-style=\"font-family: Arial, Helvetica, sans-serif;\">JMB<\/span><\/p>\n","protected":false},"excerpt":{"rendered":"<p>OPLL F., KRAUSE H., SONNLECHNER C &#8211; Wien als Festungsstadt im 16. Jahrhundert. Zum kartografischen Werk der Mail\u00e4nder Familie Angielini. B\u00f6hlau, 2017. Si, pour nombre d&rsquo;entre vous, hormis quelques sp\u00e9cialistes en fortifications particuli\u00e8rement pointus et germanophones de surcro\u00eet, les fortifications de Vienne peuvent ne pr\u00e9senter que peu d&rsquo;int\u00e9r\u00eat, vous auriez peut-\u00eatre tort au regard de &hellip; <a href=\"http:\/\/www.fortifications.fr\/Blog_Artillerie_fortifications\/?p=165\" class=\"more-link\">Continuer la lecture de <span class=\"screen-reader-text\">Un livre, un jour\u2026 Les fortifications de Vienne au 16e s. \u2014 Wien als Festungsstadt im 16. Jh.<\/span> <span class=\"meta-nav\">&rarr;<\/span><\/a><\/p>\n","protected":false},"author":1,"featured_media":0,"comment_status":"open","ping_status":"open","sticky":false,"template":"","format":"video","meta":{"_exactmetrics_skip_tracking":false,"_exactmetrics_sitenote_active":false,"_exactmetrics_sitenote_note":"","_exactmetrics_sitenote_category":0,"footnotes":""},"categories":[3,5],"tags":[67,84,19,6,85,86,87],"class_list":["post-165","post","type-post","status-publish","format-video","hentry","category-bibliographie","category-ouvrages-sur-les-fortifications","tag-autriche","tag-festung","tag-fortification-bastionnee","tag-fortifications","tag-specklin","tag-vienne","tag-wien","post_format-post-format-video"],"_links":{"self":[{"href":"http:\/\/www.fortifications.fr\/Blog_Artillerie_fortifications\/index.php?rest_route=\/wp\/v2\/posts\/165","targetHints":{"allow":["GET"]}}],"collection":[{"href":"http:\/\/www.fortifications.fr\/Blog_Artillerie_fortifications\/index.php?rest_route=\/wp\/v2\/posts"}],"about":[{"href":"http:\/\/www.fortifications.fr\/Blog_Artillerie_fortifications\/index.php?rest_route=\/wp\/v2\/types\/post"}],"author":[{"embeddable":true,"href":"http:\/\/www.fortifications.fr\/Blog_Artillerie_fortifications\/index.php?rest_route=\/wp\/v2\/users\/1"}],"replies":[{"embeddable":true,"href":"http:\/\/www.fortifications.fr\/Blog_Artillerie_fortifications\/index.php?rest_route=%2Fwp%2Fv2%2Fcomments&post=165"}],"version-history":[{"count":1,"href":"http:\/\/www.fortifications.fr\/Blog_Artillerie_fortifications\/index.php?rest_route=\/wp\/v2\/posts\/165\/revisions"}],"predecessor-version":[{"id":166,"href":"http:\/\/www.fortifications.fr\/Blog_Artillerie_fortifications\/index.php?rest_route=\/wp\/v2\/posts\/165\/revisions\/166"}],"wp:attachment":[{"href":"http:\/\/www.fortifications.fr\/Blog_Artillerie_fortifications\/index.php?rest_route=%2Fwp%2Fv2%2Fmedia&parent=165"}],"wp:term":[{"taxonomy":"category","embeddable":true,"href":"http:\/\/www.fortifications.fr\/Blog_Artillerie_fortifications\/index.php?rest_route=%2Fwp%2Fv2%2Fcategories&post=165"},{"taxonomy":"post_tag","embeddable":true,"href":"http:\/\/www.fortifications.fr\/Blog_Artillerie_fortifications\/index.php?rest_route=%2Fwp%2Fv2%2Ftags&post=165"}],"curies":[{"name":"wp","href":"https:\/\/api.w.org\/{rel}","templated":true}]}}