{"id":181,"date":"2018-07-19T22:34:14","date_gmt":"2018-07-19T20:34:14","guid":{"rendered":"http:\/\/www.fortifications.fr\/Blog_Artillerie_fortifications\/?p=181"},"modified":"2018-07-19T22:34:14","modified_gmt":"2018-07-19T20:34:14","slug":"defense-des-cotes-bretonnes-les-corps-de-garde-du-type-1846","status":"publish","type":"post","link":"http:\/\/www.fortifications.fr\/Blog_Artillerie_fortifications\/?p=181","title":{"rendered":"D\u00e9fense des c\u00f4tes bretonnes : Les corps de garde du type 1846"},"content":{"rendered":"<div data-blogger-escaped-style=\"font-stretch: normal; line-height: normal; text-align: justify;\">\n<table class=\"tr-caption-container\" cellspacing=\"0\" cellpadding=\"0\" align=\"center\" data-blogger-escaped-style=\"margin-left: auto; margin-right: auto; text-align: center;\">\n<tbody>\n<tr>\n<td data-blogger-escaped-style=\"text-align: center;\"><a href=\"http:\/\/3.bp.blogspot.com\/-tzWfKdjsl70\/WdvQFr6jwyI\/AAAAAAAABss\/p_E8BzmHStkVQWHzAwNnsS5yDB3Jn20CgCK4BGAYYCw\/s1600\/Batterie-Locqueltas-bajm-3.jpg\" data-blogger-escaped-style=\"margin-left: auto; margin-right: auto;\"><img loading=\"lazy\" decoding=\"async\" src=\"https:\/\/3.bp.blogspot.com\/-tzWfKdjsl70\/WdvQFr6jwyI\/AAAAAAAABss\/p_E8BzmHStkVQWHzAwNnsS5yDB3Jn20CgCK4BGAYYCw\/s640\/Batterie-Locqueltas-bajm-3.jpg\" width=\"640\" height=\"480\" border=\"0\" \/><\/a><\/td>\n<\/tr>\n<tr>\n<td class=\"tr-caption\" data-blogger-escaped-style=\"text-align: center;\"><span style=\"font-size: medium;\" data-blogger-escaped-style=\"font-size: small;\">Batterie &amp;amp; corps de garde de Locqueltas \u2014 \u00cele d&rsquo;Ouessant<\/span><\/td>\n<\/tr>\n<\/tbody>\n<\/table>\n<p><span style=\"font-family: 'arial' , 'helvetica' , sans-serif;\" data-blogger-escaped-style=\"font-family: &quot;arial&quot; , &quot;helvetica&quot; , sans-serif;\"><br \/>\n<\/span><span style=\"font-family: 'arial' , 'helvetica' , sans-serif;\" data-blogger-escaped-style=\"font-family: &quot;arial&quot; , &quot;helvetica&quot; , sans-serif;\">Vers le milieu du 19e si\u00e8cle, un important programme de d\u00e9fense des c\u00f4tes est mis en \u0153uvre. Ce dispositif se caract\u00e9rise, entre autres, par une s\u00e9rie de corps de garde et de r\u00e9duits du type 1846 et leurs avatars.<\/span><\/p>\n<p><span style=\"font-family: 'arial' , 'helvetica' , sans-serif;\" data-blogger-escaped-style=\"font-family: &quot;arial&quot; , &quot;helvetica&quot; , sans-serif;\">Parmi ces constructions, aujourd&rsquo;hui encore tr\u00e8s largement r\u00e9pandues le long des c\u00f4tes fran\u00e7aises, on distingue deux formes \u00e9l\u00e9mentaires\u00a0:<\/span><\/p>\n<\/div>\n<div data-blogger-escaped-style=\"font-stretch: normal; line-height: normal; text-align: justify;\"><\/div>\n<ul>\n<li><span style=\"font-family: 'arial' , 'helvetica' , sans-serif;\" data-blogger-escaped-style=\"font-family: &quot;arial&quot; , &quot;helvetica&quot; , sans-serif;\">Tour cr\u00e9nel\u00e9e suivant un mod\u00e8le num\u00e9rot\u00e9 de 1 \u00e0 3<\/span><\/li>\n<li><span style=\"font-family: 'arial' , 'helvetica' , sans-serif;\" data-blogger-escaped-style=\"font-family: &quot;arial&quot; , &quot;helvetica&quot; , sans-serif;\">Corps de garde cr\u00e9nel\u00e9 suivant un mod\u00e8le num\u00e9rot\u00e9 de 1 \u00e0 3<\/span><\/li>\n<\/ul>\n<div data-blogger-escaped-style=\"font-stretch: normal; line-height: normal; text-align: justify;\">\n<p><span style=\"font-family: 'arial' , 'helvetica' , sans-serif;\" data-blogger-escaped-style=\"font-family: &quot;arial&quot; , &quot;helvetica&quot; , sans-serif;\">Ils sont dispos\u00e9s soit en retrait d\u2019une batterie de c\u00f4te ou sous la forme d&rsquo;un poste d&rsquo;observation isol\u00e9.<\/span><\/p>\n<\/div>\n<div data-blogger-escaped-style=\"font-stretch: normal; line-height: normal; text-align: justify;\">\n<p><span style=\"font-family: 'arial' , 'helvetica' , sans-serif;\" data-blogger-escaped-style=\"font-family: &quot;arial&quot; , &quot;helvetica&quot; , sans-serif;\">Pour conserver \u00e0 ce billet une dimension n\u00e9cessairement contenue, seuls des exemples de corps de garde cr\u00e9nel\u00e9s venant compl\u00e9ter une batterie de c\u00f4te seront abord\u00e9s.<\/span><\/p>\n<table class=\"tr-caption-container\" cellspacing=\"0\" cellpadding=\"0\" align=\"center\" data-blogger-escaped-style=\"margin-left: auto; margin-right: auto; text-align: center;\">\n<tbody>\n<tr>\n<td data-blogger-escaped-style=\"text-align: center;\"><a href=\"http:\/\/4.bp.blogspot.com\/-XuxMbqt5zWY\/WdvTKA_ipHI\/AAAAAAAABtA\/qSn-jj0vkp4pK-nJmYuCLNlywe05L25uwCK4BGAYYCw\/s1600\/Batterie-Locqueltas-bajm-4.jpg\" data-blogger-escaped-style=\"margin-left: auto; margin-right: auto;\"><img loading=\"lazy\" decoding=\"async\" src=\"https:\/\/4.bp.blogspot.com\/-XuxMbqt5zWY\/WdvTKA_ipHI\/AAAAAAAABtA\/qSn-jj0vkp4pK-nJmYuCLNlywe05L25uwCK4BGAYYCw\/s640\/Batterie-Locqueltas-bajm-4.jpg\" width=\"640\" height=\"480\" border=\"0\" \/><\/a><\/td>\n<\/tr>\n<tr>\n<td class=\"tr-caption\" data-blogger-escaped-style=\"text-align: center;\"><span style=\"font-size: medium;\" data-blogger-escaped-style=\"font-size: small;\">La batterie, visible \u00e0 gauche du corps de garde, est parfaitement conserv\u00e9e\u00a0<\/span><\/td>\n<\/tr>\n<\/tbody>\n<\/table>\n<\/div>\n<div data-blogger-escaped-style=\"font-stretch: normal; line-height: normal; text-align: justify;\">\n<p><span style=\"font-family: 'arial' , 'helvetica' , sans-serif;\" data-blogger-escaped-style=\"font-family: &quot;arial&quot; , &quot;helvetica&quot; , sans-serif;\"><br \/>\n<\/span><span style=\"font-family: 'arial' , 'helvetica' , sans-serif;\" data-blogger-escaped-style=\"font-family: &quot;arial&quot; , &quot;helvetica&quot; , sans-serif;\">Ce type de b\u00e2timents se caract\u00e9rise par son apparente simplicit\u00e9 aussi bien au niveau architectural que par son agencement int\u00e9rieur. Si des variations dans les d\u00e9tails de construction peuvent \u00eatre observ\u00e9es, c&rsquo;est d&rsquo;abord la taille qui les distingue (n\u00b0\u00a01 pour la taille la plus importante, n\u00b0\u00a02 pour la taille interm\u00e9diaire, n\u00b0\u00a03\u2026). Cependant, au fil du temps de nouveaux mod\u00e8les viendront s&rsquo;y ajouter \u00e0 partir de 1861 (mod\u00e8le \u00ab\u00a0renforc\u00e9\u00a0\u00bb\u2026).<\/span><\/p>\n<\/div>\n<div data-blogger-escaped-style=\"font-stretch: normal; line-height: normal; text-align: justify;\"><\/div>\n<div data-blogger-escaped-style=\"font-stretch: normal; line-height: normal; text-align: justify;\">\n<p><span style=\"font-family: 'arial' , 'helvetica' , sans-serif;\" data-blogger-escaped-style=\"font-family: &quot;arial&quot; , &quot;helvetica&quot; , sans-serif;\">Si le programme n&rsquo;a pas atteint le volume escompt\u00e9, ce sont entre 120 et 150 r\u00e9duits qui auraient \u00e9t\u00e9 construits. Les derniers ouvrages, d\u00e9j\u00e0 largement marqu\u00e9s par l&rsquo;obsolescence, seront construits en 1862.<\/span><\/p>\n<\/div>\n<h4><span style=\"font-family: 'arial' , 'helvetica' , sans-serif;\" data-blogger-escaped-style=\"font-family: &quot;arial&quot; , &quot;helvetica&quot; , sans-serif;\">Aspect g\u00e9n\u00e9ral<\/span><\/h4>\n<div data-blogger-escaped-style=\"font-stretch: normal; line-height: normal; text-align: justify;\">\n<p><span style=\"font-family: 'arial' , 'helvetica' , sans-serif;\" data-blogger-escaped-style=\"font-family: &quot;arial&quot; , &quot;helvetica&quot; , sans-serif;\">Une forme rectangulaire, une terrasse unique bord\u00e9e d&rsquo;un parapet dans lequel sont dispos\u00e9s des cr\u00e9neaux de fusillade, une d\u00e9fense assur\u00e9e par deux bret\u00e8ches sur chaque face.<\/span><\/p>\n<\/div>\n<table class=\"tr-caption-container\" cellspacing=\"0\" cellpadding=\"0\" align=\"center\" data-blogger-escaped-style=\"margin-left: auto; margin-right: auto; text-align: center;\">\n<tbody>\n<tr>\n<td data-blogger-escaped-style=\"text-align: center;\"><a href=\"http:\/\/2.bp.blogspot.com\/-6ntWbKTV1pQ\/Wjb7F0ueEaI\/AAAAAAAACFE\/_SlcmE_HrXUN4MaQeTvDhTqMormHJPdsACK4BGAYYCw\/s1600\/Batterie-de-Locqueltas-9bajm.jpg\" data-blogger-escaped-style=\"margin-left: auto; margin-right: auto;\"><img loading=\"lazy\" decoding=\"async\" src=\"https:\/\/2.bp.blogspot.com\/-6ntWbKTV1pQ\/Wjb7F0ueEaI\/AAAAAAAACFE\/_SlcmE_HrXUN4MaQeTvDhTqMormHJPdsACK4BGAYYCw\/s640\/Batterie-de-Locqueltas-9bajm.jpg\" width=\"640\" height=\"480\" border=\"0\" \/><\/a><\/td>\n<\/tr>\n<tr>\n<td class=\"tr-caption\" data-blogger-escaped-style=\"text-align: center;\"><span style=\"font-size: medium;\" data-blogger-escaped-style=\"font-size: small;\"><span style=\"font-family: 'arial' , 'helvetica' , sans-serif;\" data-blogger-escaped-style=\"font-family: Arial, Helvetica, sans-serif;\">Corps de garde n\u00b03 pour 20 hommes de la batterie de Loqueltas &#8211; \u00cele d&rsquo;Ouessant (1862) Seul le pont-levis fait d\u00e9faut et la plate-forme restitu\u00e9e informatiquement dans son \u00e9tat du 19e.<\/span><\/span><\/td>\n<\/tr>\n<\/tbody>\n<\/table>\n<h4><span style=\"font-family: 'arial' , 'helvetica' , sans-serif;\" data-blogger-escaped-style=\"font-family: &quot;arial&quot; , &quot;helvetica&quot; , sans-serif;\">Organisation int\u00e9rieure<\/span><\/h4>\n<div data-blogger-escaped-style=\"font-stretch: normal; line-height: normal; text-align: justify;\">\n<p><span style=\"font-family: 'arial' , 'helvetica' , sans-serif;\" data-blogger-escaped-style=\"font-family: &quot;arial&quot; , &quot;helvetica&quot; , sans-serif;\">Suivant la taille de l&rsquo;ouvrage, deux ou trois chambres vo\u00fbt\u00e9es dispos\u00e9es entre des groupes de deux ou trois locaux dispos\u00e9s perpendiculairement aux petits c\u00f4t\u00e9s du rectangle.<\/span><\/p>\n<\/div>\n<div data-blogger-escaped-style=\"font-stretch: normal; line-height: normal; text-align: justify;\"><\/div>\n<div data-blogger-escaped-style=\"font-stretch: normal; line-height: normal; text-align: justify;\">\n<p><span style=\"font-family: 'arial' , 'helvetica' , sans-serif;\" data-blogger-escaped-style=\"font-family: &quot;arial&quot; , &quot;helvetica&quot; , sans-serif;\">L&rsquo;acc\u00e8s \u00e0 la terrasse se faisait \u00e0 l&rsquo;aide d&rsquo;un escalier en bois \u00e0 partir d&rsquo;une des chambr\u00e9es. Son d\u00e9bouch\u00e9 \u00e9tait abrit\u00e9 sous une vo\u00fbte. Cette terrasse formant, en th\u00e9orie une plateforme d&rsquo;artillerie servait \u00e9galement \u00e0 la collecte des eaux pluviales qui venaient alimenter une citerne.<\/span><\/p>\n<\/div>\n<div data-blogger-escaped-style=\"font-stretch: normal; line-height: normal; text-align: justify;\">\n<p><span style=\"font-family: 'arial' , 'helvetica' , sans-serif;\" data-blogger-escaped-style=\"font-family: &quot;arial&quot; , &quot;helvetica&quot; , sans-serif;\">Ph. Truttmann (1) apporte une pr\u00e9cision particuli\u00e8rement int\u00e9ressante \u00e0 propos de l&rsquo;am\u00e9nagement des chambr\u00e9es\u00a0: \u00ab\u00a0Le couchage de la troupe \u00e9tait organis\u00e9 comme dans la marine, en hamacs et non plus sur des lits de camp, ceci pour de louables raisons d&rsquo;hygi\u00e8ne et de convertibilit\u00e9 des locaux. On se r\u00e9servait, en effet, la possibilit\u00e9 de replier \u00e0 l&rsquo;abri dans les casemates, en temps de paix, une partie des pi\u00e8ces de la batterie, et la pr\u00e9sence de lits de camp fixes l&rsquo;e\u00fbt rendu impossible.\u00a0\u00bb. On en d\u00e9duit que le corps de garde remplissait \u00e9galement le r\u00f4le de magasin d&rsquo;artillerie, au moins en temps de paix\u00a0!<\/span><\/p>\n<\/div>\n<div data-blogger-escaped-style=\"font-stretch: normal; line-height: normal; min-height: 17px; text-align: justify;\"><\/div>\n<div data-blogger-escaped-style=\"font-stretch: normal; line-height: normal; text-align: justify;\">\n<p><span style=\"font-family: 'arial' , 'helvetica' , sans-serif;\" data-blogger-escaped-style=\"font-family: &quot;arial&quot; , &quot;helvetica&quot; , sans-serif;\">L&rsquo;entr\u00e9e \u00e9tait pr\u00e9c\u00e9d\u00e9e d&rsquo;un pont-levis permettant de franchir un modeste foss\u00e9. Suivait un vestibule muni d&rsquo;une seconde porte dite de s\u00fbret\u00e9. Son acc\u00e8s \u00e9tait d\u00e9fendu par des cr\u00e9neaux de fusillade ainsi qu&rsquo;un assommoir\u00a0!<\/span><\/p>\n<\/div>\n<div data-blogger-escaped-style=\"font-stretch: normal; line-height: normal; text-align: justify;\">\n<p><span style=\"font-family: 'arial' , 'helvetica' , sans-serif;\" data-blogger-escaped-style=\"font-family: &quot;arial&quot; , &quot;helvetica&quot; , sans-serif;\">L&rsquo;\u00e9clairage est assur\u00e9 par des fen\u00eatres barreaud\u00e9es en forme de demi-lune \u00e9galement dispos\u00e9es au-dessus des cr\u00e9neaux de fusillade. Dans ce cas, elles permettent aussi l&rsquo;\u00e9vacuation des fum\u00e9es alors que les armes utilisent encore de la poudre noire. Le magasin \u00e0 poudre \u00e9tait quant \u00e0 lui pourvu des classiques \u00e9vents organis\u00e9s en forme chicane.<\/span><\/p>\n<\/div>\n<div data-blogger-escaped-style=\"font-stretch: normal; line-height: normal; min-height: 17px; text-align: justify;\">\n<h4><span style=\"font-family: 'arial' , 'helvetica' , sans-serif;\" data-blogger-escaped-style=\"font-family: &quot;arial&quot; , &quot;helvetica&quot; , sans-serif;\">La batterie de Locqueltas (\u00cele d&rsquo;Ouessant)<\/span><\/h4>\n<div>\n<p><span style=\"font-family: 'arial' , 'helvetica' , sans-serif;\" data-blogger-escaped-style=\"font-family: &quot;arial&quot; , &quot;helvetica&quot; , sans-serif;\">Il s&rsquo;agit d&rsquo;assurer la d\u00e9fense du mouillage de la baie de Lampaul. Sur le site d&rsquo;une batterie existante, une nouvelle batterie de c\u00f4te et un corps de garde cr\u00e9nel\u00e9 n\u00b0 3 \u00e9lev\u00e9 en 1861-1862 ont \u00e9t\u00e9 install\u00e9s.\u00a0<\/span><span style=\"font-family: 'arial' , 'helvetica' , sans-serif;\" data-blogger-escaped-style=\"font-family: &quot;arial&quot; , &quot;helvetica&quot; , sans-serif;\">L&rsquo;armement pr\u00e9vu pour la batterie de Locqueltas \u00e9tait de deux canons de 30 et deux obusiers de 22 cm.<\/span><\/p>\n<\/div>\n<div>\n<p><span style=\"font-family: 'arial' , 'helvetica' , sans-serif;\" data-blogger-escaped-style=\"font-family: &quot;arial&quot; , &quot;helvetica&quot; , sans-serif;\">Le corps de garde du mod\u00e8le n\u00b03 est pr\u00e9vu pour 20 hommes. Les travaux ont \u00e9t\u00e9 r\u00e9alis\u00e9s en 1861-1862. Le site est d\u00e9class\u00e9 d\u00e8s 1889 et l&rsquo;armement n&rsquo;a probablement pas \u00e9t\u00e9 mis en place (source P. Jad\u00e9).<\/span><\/p>\n<p><span style=\"font-family: 'arial' , 'helvetica' , sans-serif;\" data-blogger-escaped-style=\"font-family: &quot;arial&quot; , &quot;helvetica&quot; , sans-serif;\"><br \/>\n<\/span><span style=\"font-family: 'arial' , 'helvetica' , sans-serif;\" data-blogger-escaped-style=\"font-family: &quot;arial&quot; , &quot;helvetica&quot; , sans-serif;\"><i>Vol r\u00e9alis\u00e9 au mois de septembre 2017 (r\u00e9solution maximale : 4k)<\/i><\/span><\/p>\n<\/div>\n<div><\/div>\n<div>\n<div>\n<p><iframe loading=\"lazy\" src=\"https:\/\/player.vimeo.com\/video\/235231375\" width=\"640\" height=\"360\" frameborder=\"0\" data-blogger-escaped-allowfullscreen=\"\" data-blogger-escaped-mozallowfullscreen=\"\" data-blogger-escaped-webkitallowfullscreen=\"\" data-mce-fragment=\"1\"><\/iframe><\/p>\n<\/div>\n<div><\/div>\n<div><\/div>\n<div><\/div>\n<div>\n<p><span style=\"font-family: 'arial' , 'helvetica' , sans-serif;\" data-blogger-escaped-style=\"font-family: &quot;arial&quot; , &quot;helvetica&quot; , sans-serif;\">La forme est typique\u2026 elle utilise un plan-type presque parfaitement standardis\u00e9 sachant qu&rsquo;il peut y avoir quelques variantes locales suivant les chefferies. Elles portent essentiellement sur les cr\u00e9neaux et les bret\u00e8ches. Ici la plate-forme a \u00e9t\u00e9 restitu\u00e9e en supprimant les ajouts actuels et r\u00e9pondre ainsi aux souhaits du propri\u00e9taire.<\/span><\/p>\n<\/div>\n<table class=\"tr-caption-container\" cellspacing=\"0\" cellpadding=\"0\" align=\"center\" data-blogger-escaped-style=\"margin-left: auto; margin-right: auto; text-align: center;\">\n<tbody>\n<tr>\n<td data-blogger-escaped-style=\"text-align: center;\"><a href=\"http:\/\/3.bp.blogspot.com\/-lQvhzhaxC20\/Wjb3JCVOnTI\/AAAAAAAACEw\/CLYIuVzs2pYFh1Jw1ePnmFUdiS3Is34jwCK4BGAYYCw\/s1600\/Batterie-de-Locqueltas-50bajm.jpg\" data-blogger-escaped-style=\"margin-left: auto; margin-right: auto;\"><img loading=\"lazy\" decoding=\"async\" src=\"https:\/\/3.bp.blogspot.com\/-lQvhzhaxC20\/Wjb3JCVOnTI\/AAAAAAAACEw\/CLYIuVzs2pYFh1Jw1ePnmFUdiS3Is34jwCK4BGAYYCw\/s640\/Batterie-de-Locqueltas-50bajm.jpg\" width=\"640\" height=\"480\" border=\"0\" \/><\/a><\/td>\n<\/tr>\n<tr>\n<td class=\"tr-caption\" data-blogger-escaped-style=\"text-align: center;\"><span style=\"font-size: medium;\" data-blogger-escaped-style=\"font-size: small;\">Vue d&rsquo;apex \u2014 <b>L&rsquo;aspect de la plate-forme a \u00e9t\u00e9 restitu\u00e9 informatiquement pour correspondre \u00e0 son \u00e9tat du 19e s.<\/b> et ne correspond bien\u00a0<\/span><span style=\"font-size: medium;\" data-blogger-escaped-style=\"font-size: small;\">\u00e9videmment<\/span><span style=\"font-size: medium;\" data-blogger-escaped-style=\"font-size: small;\">\u00a0plus \u00e0 son aspect actuel \u2014 \u00a0En bas, \u00e0 droite, plateforme pour l&rsquo;un des 4 canons de 75 Mle 1897 sur aff\u00fbt 1916 install\u00e9s sur \u00a0Ouessant \u00e0 la veille de la 2e guerre mondiale<\/span><\/td>\n<\/tr>\n<\/tbody>\n<\/table>\n<div><\/div>\n<div><\/div>\n<\/div>\n<div data-blogger-escaped-style=\"text-align: right;\">\n<p><span style=\"font-family: 'arial' , 'helvetica' , sans-serif;\" data-blogger-escaped-style=\"font-family: &quot;arial&quot; , &quot;helvetica&quot; , sans-serif;\"><a href=\"http:\/\/4.bp.blogspot.com\/-5H0bMO11_kE\/WdvaZiPEn7I\/AAAAAAAABtc\/IDjNRd6X-Lsw5Ex1OzSTdKjLzX-HkDOGQCK4BGAYYCw\/s1600\/Batterie-Locqueltas-bajm-2.jpg\"><img loading=\"lazy\" decoding=\"async\" src=\"https:\/\/4.bp.blogspot.com\/-5H0bMO11_kE\/WdvaZiPEn7I\/AAAAAAAABtc\/IDjNRd6X-Lsw5Ex1OzSTdKjLzX-HkDOGQCK4BGAYYCw\/s400\/Batterie-Locqueltas-bajm-2.jpg\" width=\"400\" height=\"266\" border=\"0\" \/><\/a><\/span><\/p>\n<\/div>\n<div><\/div>\n<div><\/div>\n<div>\n<p><span style=\"font-family: 'arial' , 'helvetica' , sans-serif;\" data-blogger-escaped-style=\"font-family: &quot;arial&quot; , &quot;helvetica&quot; , sans-serif;\">La batterie\u2026<\/span><\/p>\n<\/div>\n<div><\/div>\n<div>\n<p><a href=\"http:\/\/1.bp.blogspot.com\/-UOHzLwosWCw\/Wdvap1uUe_I\/AAAAAAAABtk\/-GjBv9k0RMwig2ohUH0x_cmDlfAdLEQOwCK4BGAYYCw\/s1600\/Batterie-Locqueltas-bajm-6.jpg\"><img loading=\"lazy\" decoding=\"async\" src=\"https:\/\/1.bp.blogspot.com\/-UOHzLwosWCw\/Wdvap1uUe_I\/AAAAAAAABtk\/-GjBv9k0RMwig2ohUH0x_cmDlfAdLEQOwCK4BGAYYCw\/s640\/Batterie-Locqueltas-bajm-6.jpg\" width=\"640\" height=\"480\" border=\"0\" \/><\/a><\/p>\n<\/div>\n<div><\/div>\n<div>\n<p><a href=\"http:\/\/2.bp.blogspot.com\/-mEYEprg5tYg\/Wdva0-xhwHI\/AAAAAAAABts\/QsQRcSZR36UktxmbfDANdMNSYJqgU2q6gCK4BGAYYCw\/s1600\/Batterie-Locqueltas-bajm-1.jpg\"><img loading=\"lazy\" decoding=\"async\" src=\"https:\/\/2.bp.blogspot.com\/-mEYEprg5tYg\/Wdva0-xhwHI\/AAAAAAAABts\/QsQRcSZR36UktxmbfDANdMNSYJqgU2q6gCK4BGAYYCw\/s640\/Batterie-Locqueltas-bajm-1.jpg\" width=\"640\" height=\"480\" border=\"0\" \/><\/a><\/p>\n<\/div>\n<div><\/div>\n<div>\n<p><span style=\"font-family: 'arial' , 'helvetica' , sans-serif;\" data-blogger-escaped-style=\"font-family: &quot;arial&quot; , &quot;helvetica&quot; , sans-serif;\">Vue du front de mer : La batterie prot\u00e9g\u00e9e par son parapet ainsi qu&rsquo;un merlon le llong de la c\u00f4te masquent le corps de garde au regard des navires.<\/span><\/p>\n<\/div>\n<div><\/div>\n<div>\n<p><span style=\"font-family: 'arial' , 'helvetica' , sans-serif;\" data-blogger-escaped-style=\"font-family: &quot;arial&quot; , &quot;helvetica&quot; , sans-serif;\"><a href=\"http:\/\/4.bp.blogspot.com\/-rlZ6SDBnB10\/WdvbQPnimVI\/AAAAAAAABt0\/ogFJQpE1PPckyi456SAz2FKs9acOCfQkACK4BGAYYCw\/s1600\/Batterie-Locqueltas-bajm-8.jpg\"><img loading=\"lazy\" decoding=\"async\" src=\"https:\/\/4.bp.blogspot.com\/-rlZ6SDBnB10\/WdvbQPnimVI\/AAAAAAAABt0\/ogFJQpE1PPckyi456SAz2FKs9acOCfQkACK4BGAYYCw\/s640\/Batterie-Locqueltas-bajm-8.jpg\" width=\"640\" height=\"479\" border=\"0\" \/><\/a><\/span><\/p>\n<\/div>\n<div><\/div>\n<div>\n<h4><span style=\"font-family: 'arial' , 'helvetica' , sans-serif;\" data-blogger-escaped-style=\"font-family: &quot;arial&quot; , &quot;helvetica&quot; , sans-serif;\">Portfolio\u2026 Le corps de garde type 1846 s&rsquo;expose.<\/span><\/h4>\n<\/div>\n<\/div>\n<div data-blogger-escaped-style=\"font-stretch: normal; line-height: normal; text-align: justify;\">\n<p><span style=\"color: #ffa500; font-family: 'arial' , 'helvetica' , sans-serif;\" data-blogger-escaped-style=\"color: orange; font-family: &quot;arial&quot; , &quot;helvetica&quot; , sans-serif;\"><i>Corps de garde cr\u00e9nel\u00e9 n\u00b0 2, ann\u00e9e \u00ab\u00a01847\u00a0\u00bb dit \u00ab\u00a0Fort de l&rsquo;\u00eelette de Kermorvan\u00a0\u00bb (Le Conquet)<\/i><\/span><\/p>\n<p><span style=\"font-family: 'arial' , 'helvetica' , sans-serif;\" data-blogger-escaped-style=\"font-family: &quot;arial&quot; , &quot;helvetica&quot; , sans-serif;\">Destin\u00e9s \u00e0 mettre en \u00e9tat de d\u00e9fense l\u2019anse des Blancs Sablons dont le dispositif s\u2019\u00e9tend de l\u2019anse de Porsmoguer au nord (Plouarzel) \u00e0 la pointe de Kermorvan au sud (Le Conquet)., six ouvrages sont construits de 1846 \u00e0 1852 et deux redoutes modernis\u00e9es (\u00e0 l\u2019origine, des redoutes du 17e).<\/span><\/p>\n<p><span style=\"font-family: 'arial' , 'helvetica' , sans-serif;\" data-blogger-escaped-style=\"font-family: &quot;arial&quot; , &quot;helvetica&quot; , sans-serif;\">Le corps de garde cr\u00e9nel\u00e9 de l&rsquo;\u00eelette de Kermorvan a \u00e9t\u00e9 construit en 1847. Il s&rsquo;agit d&rsquo;un mod\u00e8le n\u00b0 1 (2) permettant d&rsquo;armer la batterie attenante. La batterie a \u00e9t\u00e9 d\u00e9class\u00e9e d\u00e8s 1876.<\/span><\/p>\n<p><a href=\"http:\/\/3.bp.blogspot.com\/-D7zmNdmJM30\/WdvdUMlhxvI\/AAAAAAAABuA\/uLXA-TsOjX8f_vZsKXKLUJEcAnv4rfSQACK4BGAYYCw\/s1600\/Fort-Ilette-Conquet-bajm-1.jpg\"><img loading=\"lazy\" decoding=\"async\" src=\"https:\/\/3.bp.blogspot.com\/-D7zmNdmJM30\/WdvdUMlhxvI\/AAAAAAAABuA\/uLXA-TsOjX8f_vZsKXKLUJEcAnv4rfSQACK4BGAYYCw\/s640\/Fort-Ilette-Conquet-bajm-1.jpg\" width=\"640\" height=\"426\" border=\"0\" \/><\/a><\/p>\n<p><a href=\"http:\/\/1.bp.blogspot.com\/-AQuQ0mQ6xJc\/WdvdYydUSxI\/AAAAAAAABuI\/el93_3_G2HQ10lbtcZDl0sZtCd2C3JZwACK4BGAYYCw\/s1600\/Fort-Ilette-Conquet-bajm-2.jpg\"><img loading=\"lazy\" decoding=\"async\" src=\"https:\/\/1.bp.blogspot.com\/-AQuQ0mQ6xJc\/WdvdYydUSxI\/AAAAAAAABuI\/el93_3_G2HQ10lbtcZDl0sZtCd2C3JZwACK4BGAYYCw\/s320\/Fort-Ilette-Conquet-bajm-2.jpg\" width=\"320\" height=\"213\" border=\"0\" \/><\/a><\/p>\n<div data-blogger-escaped-style=\"text-align: right;\">\n<p><a href=\"http:\/\/1.bp.blogspot.com\/-HjXM8BBtwHU\/Wdvdc2XoxgI\/AAAAAAAABuQ\/zcC5MKJ8oN0a54LGFzWJx0k5onFlItMzgCK4BGAYYCw\/s1600\/Fort-Ilette-Conquet-bajm-3.jpg\"><img loading=\"lazy\" decoding=\"async\" src=\"https:\/\/1.bp.blogspot.com\/-HjXM8BBtwHU\/Wdvdc2XoxgI\/AAAAAAAABuQ\/zcC5MKJ8oN0a54LGFzWJx0k5onFlItMzgCK4BGAYYCw\/s320\/Fort-Ilette-Conquet-bajm-3.jpg\" width=\"320\" height=\"213\" border=\"0\" \/><\/a><\/p>\n<\/div>\n<p><a href=\"http:\/\/2.bp.blogspot.com\/-X5f3951Hp3A\/WdvdmttGrkI\/AAAAAAAABuY\/MHSIeafTSMUlc06Uws0maqf59DlnYKh7QCK4BGAYYCw\/s1600\/Fort-Ilette-Conquet-bajm-4.jpg\"><img loading=\"lazy\" decoding=\"async\" src=\"https:\/\/2.bp.blogspot.com\/-X5f3951Hp3A\/WdvdmttGrkI\/AAAAAAAABuY\/MHSIeafTSMUlc06Uws0maqf59DlnYKh7QCK4BGAYYCw\/s640\/Fort-Ilette-Conquet-bajm-4.jpg\" width=\"640\" height=\"426\" border=\"0\" \/><\/a><\/p>\n<p><a href=\"http:\/\/1.bp.blogspot.com\/-fggHUuyakhg\/Wdvdr5d80sI\/AAAAAAAABug\/1kbxtv5jldsM6B3GkBblbzPWs2pQmvWWQCK4BGAYYCw\/s1600\/Fort-Ilette-Conquet-bajm-5.jpg\"><img loading=\"lazy\" decoding=\"async\" src=\"https:\/\/1.bp.blogspot.com\/-fggHUuyakhg\/Wdvdr5d80sI\/AAAAAAAABug\/1kbxtv5jldsM6B3GkBblbzPWs2pQmvWWQCK4BGAYYCw\/s640\/Fort-Ilette-Conquet-bajm-5.jpg\" width=\"640\" height=\"426\" border=\"0\" \/><\/a><\/p>\n<p><a href=\"http:\/\/3.bp.blogspot.com\/-L-7h8fPdm6g\/Wdvdxv-7mFI\/AAAAAAAABuo\/DPw6oha3_joxClBNk_DMbyNJ-32M2w6awCK4BGAYYCw\/s1600\/Fort-Ilette-Conquet-bajm-6.jpg\"><img loading=\"lazy\" decoding=\"async\" src=\"https:\/\/3.bp.blogspot.com\/-L-7h8fPdm6g\/Wdvdxv-7mFI\/AAAAAAAABuo\/DPw6oha3_joxClBNk_DMbyNJ-32M2w6awCK4BGAYYCw\/s640\/Fort-Ilette-Conquet-bajm-6.jpg\" width=\"640\" height=\"426\" border=\"0\" \/><\/a><\/p>\n<p><i><span style=\"color: #ffa500;\" data-blogger-escaped-style=\"color: orange;\">Batterie de Kerdonis [Belle-\u00cele &#8211; \u00e9tat octobre 2012]<\/span><\/i><\/p>\n<\/div>\n<p><span style=\"font-family: 'arial' , 'helvetica' , sans-serif;\" data-blogger-escaped-style=\"font-family: &quot;arial&quot; , &quot;helvetica&quot; , sans-serif;\"><br \/>\n<\/span><span style=\"font-family: 'arial' , 'helvetica' , sans-serif;\" data-blogger-escaped-style=\"font-family: &quot;arial&quot; , &quot;helvetica&quot; , sans-serif;\">Ce clich\u00e9 permet de mettre en \u00e9vidence la recherche d&rsquo;une position d\u00e9fil\u00e9e permettant une mise \u00e0 l&rsquo;abri tout \u00e0 fait adapt\u00e9e au regard de l&rsquo;armement des navires dans les ann\u00e9es 1840-1850.<\/span><\/p>\n<p><span style=\"font-family: 'arial' , 'helvetica' , sans-serif;\" data-blogger-escaped-style=\"font-family: &quot;arial&quot; , &quot;helvetica&quot; , sans-serif;\"><br \/>\n<\/span><span style=\"font-family: 'arial' , 'helvetica' , sans-serif;\" data-blogger-escaped-style=\"font-family: &quot;arial&quot; , &quot;helvetica&quot; , sans-serif;\"><a href=\"http:\/\/4.bp.blogspot.com\/-GPsK3KVApkk\/Wdve5mHQNyI\/AAAAAAAABu4\/RV0XxbZ8CMI_2Ntd3Eqelk_Ece4rtlxbQCK4BGAYYCw\/s1600\/CG-1846-bajm-4.jpg\"><img loading=\"lazy\" decoding=\"async\" src=\"https:\/\/4.bp.blogspot.com\/-GPsK3KVApkk\/Wdve5mHQNyI\/AAAAAAAABu4\/RV0XxbZ8CMI_2Ntd3Eqelk_Ece4rtlxbQCK4BGAYYCw\/s640\/CG-1846-bajm-4.jpg\" width=\"640\" height=\"428\" border=\"0\" \/><\/a><\/span><\/p>\n<p><a href=\"http:\/\/1.bp.blogspot.com\/-x-f1S71xcQs\/WdvfHX_2D9I\/AAAAAAAABvI\/6lw641Jp8MUbEkzVtpAOsuxxKDHGDA1lgCK4BGAYYCw\/s1600\/CG-1846-bajm-5.jpg\"><img loading=\"lazy\" decoding=\"async\" src=\"https:\/\/1.bp.blogspot.com\/-x-f1S71xcQs\/WdvfHX_2D9I\/AAAAAAAABvI\/6lw641Jp8MUbEkzVtpAOsuxxKDHGDA1lgCK4BGAYYCw\/s640\/CG-1846-bajm-5.jpg\" width=\"640\" height=\"336\" border=\"0\" \/><\/a><\/p>\n<p><i><span style=\"color: #ffa500;\" data-blogger-escaped-style=\"color: orange;\">Corps de garde cr\u00e9nel\u00e9 n\u00b0 3, ann\u00e9e \u00ab\u00a01862\u00a0\u00bb de Calgrac&rsquo;h et batterie du Kernic (Ouessant).<\/span><\/i><\/p>\n<p><span style=\"font-family: 'arial' , 'helvetica' , sans-serif;\" data-blogger-escaped-style=\"font-family: &quot;arial&quot; , &quot;helvetica&quot; , sans-serif;\">D\u00e9fendant du mouillage de la baie de B\u00e9ninou, le corps de garde et la batterie se pr\u00e9sentent aujourd&rsquo;hui dans un \u00e9tat tr\u00e8s d\u00e9grad\u00e9. Toutefois le site est int\u00e9ressant puisque les bornes\u00a0militaires\u00a0sont encore visibles.<\/span><\/p>\n<p><span style=\"font-family: 'arial' , 'helvetica' , sans-serif;\" data-blogger-escaped-style=\"font-family: &quot;arial&quot; , &quot;helvetica&quot; , sans-serif;\"><br \/>\n<\/span><span style=\"font-family: 'arial' , 'helvetica' , sans-serif;\" data-blogger-escaped-style=\"font-family: &quot;arial&quot; , &quot;helvetica&quot; , sans-serif;\"><a href=\"http:\/\/4.bp.blogspot.com\/-rjg6_Iub2PU\/WdviK3GbuwI\/AAAAAAAABvc\/EXtSKhvSyGolEhHx2aleBn3NnWTx5PoCACK4BGAYYCw\/s1600\/Batterie-du-Kernic-3.jpg\"><img loading=\"lazy\" decoding=\"async\" src=\"https:\/\/4.bp.blogspot.com\/-rjg6_Iub2PU\/WdviK3GbuwI\/AAAAAAAABvc\/EXtSKhvSyGolEhHx2aleBn3NnWTx5PoCACK4BGAYYCw\/s640\/Batterie-du-Kernic-3.jpg\" width=\"640\" height=\"426\" border=\"0\" \/><\/a><\/span><\/p>\n<p><a href=\"http:\/\/1.bp.blogspot.com\/-2BBW5FV-e4A\/WdviOP2vuPI\/AAAAAAAABvk\/00ZWYCjVr8oVHvHei_vNoibCBGOKg5l2gCK4BGAYYCw\/s1600\/Batterie-du-Kernic-2.jpg\"><img loading=\"lazy\" decoding=\"async\" src=\"https:\/\/1.bp.blogspot.com\/-2BBW5FV-e4A\/WdviOP2vuPI\/AAAAAAAABvk\/00ZWYCjVr8oVHvHei_vNoibCBGOKg5l2gCK4BGAYYCw\/s640\/Batterie-du-Kernic-2.jpg\" width=\"640\" height=\"426\" border=\"0\" \/><\/a><\/p>\n<p><span style=\"font-family: 'arial' , 'helvetica' , sans-serif;\" data-blogger-escaped-style=\"font-family: &quot;arial&quot; , &quot;helvetica&quot; , sans-serif;\"><br \/>\n<\/span><span style=\"font-family: 'arial' , 'helvetica' , sans-serif;\" data-blogger-escaped-style=\"font-family: &quot;arial&quot; , &quot;helvetica&quot; , sans-serif;\"><a href=\"http:\/\/2.bp.blogspot.com\/--FTX4ekyQvo\/WdviRx3Jw-I\/AAAAAAAABvs\/BwHcykq6Rh8n57sGNCABDitwvqc6bRoMQCK4BGAYYCw\/s1600\/Batterie-du-Kernic-1.jpg\"><img loading=\"lazy\" decoding=\"async\" src=\"https:\/\/2.bp.blogspot.com\/--FTX4ekyQvo\/WdviRx3Jw-I\/AAAAAAAABvs\/BwHcykq6Rh8n57sGNCABDitwvqc6bRoMQCK4BGAYYCw\/s640\/Batterie-du-Kernic-1.jpg\" width=\"640\" height=\"426\" border=\"0\" \/><\/a><\/span><\/p>\n<h4><span style=\"font-family: 'arial' , 'helvetica' , sans-serif;\" data-blogger-escaped-style=\"font-family: &quot;arial&quot; , &quot;helvetica&quot; , sans-serif;\">Orientations bibliographiques &amp;amp; liens sur la toile.<\/span><\/h4>\n<div data-blogger-escaped-style=\"font-stretch: normal; line-height: normal;\">\n<p><span style=\"font-family: 'arial' , 'helvetica' , sans-serif;\" data-blogger-escaped-style=\"font-family: &quot;arial&quot; , &quot;helvetica&quot; , sans-serif;\">(1) TRUTTMANN (Ph.) &#8211; Les derniers ch\u00e2teaux forts. Les prolongements de la fortification m\u00e9di\u00e9vale en France (1634-1914). Thionville, G\u00e9rard Klopp, 1993.<\/span><\/p>\n<\/div>\n<div data-blogger-escaped-style=\"font-stretch: normal; line-height: normal;\">\n<p><span style=\"font-family: 'arial' , 'helvetica' , sans-serif;\" data-blogger-escaped-style=\"font-family: &quot;arial&quot; , &quot;helvetica&quot; , sans-serif;\">(2) Un blog <b>incontournable<\/b>, surtout lorsqu&rsquo;il s&rsquo;agit des fortifications de c\u00f4te de la premi\u00e8re moiti\u00e9 du 19e : <a href=\"http:\/\/association-1846.over-blog.com\/\" data-blogger-escaped-target=\"_blank\">Association \u00ab\u00a01846\u00a0\u00bb<\/a>.\u00a0<\/span><\/p>\n<\/div>\n<div data-blogger-escaped-style=\"font-stretch: normal; line-height: normal;\">\n<p><span style=\"font-family: 'arial' , 'helvetica' , sans-serif;\" data-blogger-escaped-style=\"font-family: &quot;arial&quot; , &quot;helvetica&quot; , sans-serif;\">P<\/span><span style=\"font-family: 'arial' , 'helvetica' , sans-serif;\" data-blogger-escaped-style=\"font-family: &quot;arial&quot; , &quot;helvetica&quot; , sans-serif;\">lus particuli\u00e8rement\u2026<\/span><\/p>\n<\/div>\n<div data-blogger-escaped-style=\"font-stretch: normal; line-height: normal;\"><\/div>\n<ul>\n<li><span style=\"font-family: 'arial' , 'helvetica' , sans-serif;\" data-blogger-escaped-style=\"font-family: &quot;arial&quot; , &quot;helvetica&quot; , sans-serif;\"><a href=\"http:\/\/association-1846.over-blog.com\/2017\/01\/modele-et-variations-1-les-breteches.html\" data-blogger-escaped-target=\"_blank\">Mod\u00e8le et variations n\u00b0 1 : les bret\u00e8ches<\/a><\/span><\/li>\n<li><span style=\"font-family: 'arial' , 'helvetica' , sans-serif;\" data-blogger-escaped-style=\"font-family: &quot;arial&quot; , &quot;helvetica&quot; , sans-serif;\"><a href=\"http:\/\/association-1846.over-blog.com\/2017\/02\/modele-et-variations-n-2-les-creneaux.html\" data-blogger-escaped-target=\"_blank\">Mod\u00e8le et variations n\u00b0 2 : les cr\u00e9neaux<\/a><\/span><\/li>\n<li><span style=\"font-family: 'arial' , 'helvetica' , sans-serif;\" data-blogger-escaped-style=\"font-family: &quot;arial&quot; , &quot;helvetica&quot; , sans-serif;\"><a href=\"http:\/\/association-1846.over-blog.com\/2017\/06\/modele-et-variations-n-3-les-terrasses.html\" data-blogger-escaped-target=\"_blank\">Mod\u00e8le et variations n\u00b0 3 : les terrasses<\/a><\/span><\/li>\n<li><span style=\"font-family: 'arial' , 'helvetica' , sans-serif;\" data-blogger-escaped-style=\"font-family: &quot;arial&quot; , &quot;helvetica&quot; , sans-serif;\"><a href=\"http:\/\/association-1846.over-blog.com\/2015\/11\/les-reduits-type-1846-mais-qu-est-ce-au-juste.html\" data-blogger-escaped-target=\"_blank\">Les r\u00e9duits \u00ab\u00a0type 1846\u00a0\u00bb : mais qu&rsquo;est-ce, au juste ?<\/a><\/span><\/li>\n<\/ul>\n<div data-blogger-escaped-style=\"font-stretch: normal; line-height: normal; min-height: 17px;\"><\/div>\n<div data-blogger-escaped-style=\"font-family: &quot;Helvetica Neue Light&quot;; font-size: 14px; font-stretch: normal; line-height: normal; min-height: 17px;\"><\/div>\n<div data-blogger-escaped-style=\"font-family: &quot;Helvetica Neue Light&quot;; font-size: 14px; font-stretch: normal; line-height: normal; min-height: 17px;\"><\/div>\n","protected":false},"excerpt":{"rendered":"<p>Batterie &amp;amp; corps de garde de Locqueltas \u2014 \u00cele d&rsquo;Ouessant Vers le milieu du 19e si\u00e8cle, un important programme de d\u00e9fense des c\u00f4tes est mis en \u0153uvre. Ce dispositif se caract\u00e9rise, entre autres, par une s\u00e9rie de corps de garde et de r\u00e9duits du type 1846 et leurs avatars. Parmi ces constructions, aujourd&rsquo;hui encore tr\u00e8s &hellip; <a href=\"http:\/\/www.fortifications.fr\/Blog_Artillerie_fortifications\/?p=181\" class=\"more-link\">Continuer la lecture de <span class=\"screen-reader-text\">D\u00e9fense des c\u00f4tes bretonnes : Les corps de garde du type 1846<\/span> <span class=\"meta-nav\">&rarr;<\/span><\/a><\/p>\n","protected":false},"author":1,"featured_media":0,"comment_status":"open","ping_status":"open","sticky":false,"template":"","format":"video","meta":{"_exactmetrics_skip_tracking":false,"_exactmetrics_sitenote_active":false,"_exactmetrics_sitenote_note":"","_exactmetrics_sitenote_category":0,"footnotes":""},"categories":[21,45],"tags":[41,42,43,101,102,6,24,103],"class_list":["post-181","post","type-post","status-publish","format-video","hentry","category-fortification-littorale","category-vues-aeriennes","tag-artillerie-de-cote","tag-batteries-de-cote","tag-bretagne","tag-conquet","tag-corps-de-garde","tag-fortifications","tag-fortifications-littorales","tag-ouessant","post_format-post-format-video"],"_links":{"self":[{"href":"http:\/\/www.fortifications.fr\/Blog_Artillerie_fortifications\/index.php?rest_route=\/wp\/v2\/posts\/181","targetHints":{"allow":["GET"]}}],"collection":[{"href":"http:\/\/www.fortifications.fr\/Blog_Artillerie_fortifications\/index.php?rest_route=\/wp\/v2\/posts"}],"about":[{"href":"http:\/\/www.fortifications.fr\/Blog_Artillerie_fortifications\/index.php?rest_route=\/wp\/v2\/types\/post"}],"author":[{"embeddable":true,"href":"http:\/\/www.fortifications.fr\/Blog_Artillerie_fortifications\/index.php?rest_route=\/wp\/v2\/users\/1"}],"replies":[{"embeddable":true,"href":"http:\/\/www.fortifications.fr\/Blog_Artillerie_fortifications\/index.php?rest_route=%2Fwp%2Fv2%2Fcomments&post=181"}],"version-history":[{"count":1,"href":"http:\/\/www.fortifications.fr\/Blog_Artillerie_fortifications\/index.php?rest_route=\/wp\/v2\/posts\/181\/revisions"}],"predecessor-version":[{"id":182,"href":"http:\/\/www.fortifications.fr\/Blog_Artillerie_fortifications\/index.php?rest_route=\/wp\/v2\/posts\/181\/revisions\/182"}],"wp:attachment":[{"href":"http:\/\/www.fortifications.fr\/Blog_Artillerie_fortifications\/index.php?rest_route=%2Fwp%2Fv2%2Fmedia&parent=181"}],"wp:term":[{"taxonomy":"category","embeddable":true,"href":"http:\/\/www.fortifications.fr\/Blog_Artillerie_fortifications\/index.php?rest_route=%2Fwp%2Fv2%2Fcategories&post=181"},{"taxonomy":"post_tag","embeddable":true,"href":"http:\/\/www.fortifications.fr\/Blog_Artillerie_fortifications\/index.php?rest_route=%2Fwp%2Fv2%2Ftags&post=181"}],"curies":[{"name":"wp","href":"https:\/\/api.w.org\/{rel}","templated":true}]}}