{"id":211,"date":"2018-10-17T00:06:46","date_gmt":"2018-10-16T22:06:46","guid":{"rendered":"http:\/\/www.fortifications.fr\/Blog_Artillerie_fortifications\/?p=211"},"modified":"2018-10-17T00:06:46","modified_gmt":"2018-10-16T22:06:46","slug":"annonce-exposition-sept-2018-fevrier-2019-breisach-und-neubreisach-1870-1918-zwei-garnisonsstadte-im-kaiserreich-und-ersten-weltkrieg","status":"publish","type":"post","link":"http:\/\/www.fortifications.fr\/Blog_Artillerie_fortifications\/?p=211","title":{"rendered":"Annonce &#8211; exposition sept. 2018 \u2013 f\u00e9vrier 2019 : Breisach und Neubreisach 1870-1918. Zwei Garnisonsst\u00e4dte im Kaiserreich und Ersten Weltkrieg."},"content":{"rendered":"<div data-blogger-escaped-style=\"text-align: center;\">\n<p><span style=\"font-family: 'arial' , 'helvetica' , sans-serif;\" data-blogger-escaped-style=\"font-family: &quot;arial&quot; , &quot;helvetica&quot; , sans-serif;\"><a href=\"http:\/\/1.bp.blogspot.com\/-imoSrrVYqYA\/W4mi-gYTFwI\/AAAAAAAADfo\/h0dYA5oIP-c0jOZtQBr26Ia-AFUft_Y3gCK4BGAYYCw\/s1600\/L1001381.jpg\"><img loading=\"lazy\" decoding=\"async\" src=\"https:\/\/1.bp.blogspot.com\/-imoSrrVYqYA\/W4mi-gYTFwI\/AAAAAAAADfo\/h0dYA5oIP-c0jOZtQBr26Ia-AFUft_Y3gCK4BGAYYCw\/s640\/L1001381.jpg\" width=\"640\" height=\"426\" border=\"0\" \/><\/a><\/span><\/p>\n<\/div>\n<div data-blogger-escaped-style=\"text-align: justify;\">\n<h2 data-blogger-escaped-style=\"text-align: center;\"><span style=\"font-family: 'arial' , 'helvetica' , sans-serif;\" data-blogger-escaped-style=\"font-family: &quot;arial&quot; , &quot;helvetica&quot; , sans-serif;\">Breisach und Neubreisach\u00a01870-1918. Zwei Garnisonsst\u00e4dte im Kaiserreich und Ersten Weltkrieg.<\/span><\/h2>\n<p><span style=\"font-family: 'arial' , 'helvetica' , sans-serif;\" data-blogger-escaped-style=\"font-family: &quot;arial&quot; , &quot;helvetica&quot; , sans-serif;\">Le mus\u00e9e d\u2019histoire de la ville de Breisach \u00ab\u2009Museum f\u00fcr Stadtgeschichte, situ\u00e9 presque en regard de Neuf-Brisach propose une exposition temporaire portant sur les importantes garnisons allemandes des villes de Neuf-Brisach et de Breisach qui sont \u00e9troitement li\u00e9es \u00e0 la t\u00eate de pont allemande, puissamment fortifi\u00e9e, le \u201cBr\u00fcckenkopf neubreisach\u201d.\u00a0<\/span><\/p>\n<p><span style=\"font-family: 'arial' , 'helvetica' , sans-serif;\" data-blogger-escaped-style=\"font-family: &quot;arial&quot; , &quot;helvetica&quot; , sans-serif;\">Le cadre est prestigieux \u2014 la fameuse <a href=\"https:\/\/fortifications-neuf-brisach.blogspot.com\/2018\/04\/focus-sur-rheintor-breisach-am-rhein.html\" data-blogger-escaped-target=\"_blank\">porte du Rhin (Rheintor)<\/a> \u2014 et les collections du mus\u00e9e mettent par ailleurs les fortifications de la ville en valeur.<\/span><\/p>\n<p><span style=\"font-family: 'arial' , 'helvetica' , sans-serif;\" data-blogger-escaped-style=\"font-family: &quot;arial&quot; , &quot;helvetica&quot; , sans-serif;\"><br \/>\n<\/span><span style=\"font-family: 'arial' , 'helvetica' , sans-serif;\" data-blogger-escaped-style=\"font-family: &quot;arial&quot; , &quot;helvetica&quot; , sans-serif;\">S\u2019il ne m\u2019a pas \u00e9t\u00e9 possible de contribuer \u00e0 l\u2019organisation de cette exposition, une pr\u00e9sentation d\u00e9taill\u00e9e de l\u2019organisation d\u00e9fensive du Rhin sup\u00e9rieur et, plus particuli\u00e8rement, de la t\u00eate de pont de Neuf-Brisach sera r\u00e9alis\u00e9e sous la forme d\u2019une conf\u00e9rence (qui sera donn\u00e9e en allemand).<\/span><\/p>\n<p><span style=\"font-family: 'arial' , 'helvetica' , sans-serif;\" data-blogger-escaped-style=\"font-family: &quot;arial&quot; , &quot;helvetica&quot; , sans-serif;\">Pour ceux qui y trouverait quelque int\u00e9r\u00eat, il nous reste \u00e0 d\u00e9finir la date exacte, mais elle se d\u00e9roulera probablement au mois d\u2019octobre dans les locaux du Rheintor.<\/span><\/p>\n<\/div>\n<div data-blogger-escaped-style=\"text-align: justify;\"><\/div>\n<div data-blogger-escaped-style=\"text-align: justify;\">\n<p><span style=\"font-family: 'arial' , 'helvetica' , sans-serif;\" data-blogger-escaped-style=\"font-family: &quot;arial&quot; , &quot;helvetica&quot; , sans-serif;\"><b>Exposition temporaire \u2014 Sonderaustellung :<\/b>\u00a0\u201eBreisach und Neubreisach 1870-1918. Zwei Garnisonsst\u00e4dte im Kaiserreich und Ersten Weltkrieg\u201c.<\/span><\/p>\n<\/div>\n<div data-blogger-escaped-style=\"text-align: justify;\">\n<p><span style=\"font-family: 'arial' , 'helvetica' , sans-serif;\" data-blogger-escaped-style=\"font-family: &quot;arial&quot; , &quot;helvetica&quot; , sans-serif;\"><b>Lieu \u2014 Ort:<\/b>\u00a0<a href=\"https:\/\/stadt.breisach.de\/de\/kultur\/sehenswuerdigkeiten\/museum_fuer_stadtgeschichte\" data-blogger-escaped-target=\"_blank\">Museum f\u00fcr Stadtgeschichte in Breisach am Rhein<\/a>.\u00a0Rheintorplatz 1. Breisach am Rhein (RFA)<\/span><\/p>\n<\/div>\n<div data-blogger-escaped-style=\"text-align: justify;\">\n<p><span style=\"font-family: 'arial' , 'helvetica' , sans-serif;\" data-blogger-escaped-style=\"font-family: &quot;arial&quot; , &quot;helvetica&quot; , sans-serif;\"><b>P\u00e9riode \u2014 Dauer:<\/b>\u00a007.09.2018 \u2013 24.02.2019<\/span><\/p>\n<\/div>\n<div data-blogger-escaped-style=\"text-align: justify;\"><\/div>\n<div data-blogger-escaped-style=\"text-align: justify;\"><\/div>\n<div data-blogger-escaped-style=\"-webkit-text-stroke-width: 0px; caret-color: rgb(0, 0, 0); color: black; font-style: normal; font-variant-caps: normal; font-weight: normal; letter-spacing: normal; text-align: justify; text-decoration: none; text-indent: 0px; text-transform: none; white-space: normal; word-spacing: 0px;\">\n<div data-blogger-escaped-style=\"margin: 0px;\">\n<p><span style=\"font-family: 'arial' , 'helvetica' , sans-serif;\" data-blogger-escaped-style=\"font-family: &quot;arial&quot; , &quot;helvetica&quot; , sans-serif;\">\u00c0 vos agendas !<\/span><\/p>\n<\/div>\n<div data-blogger-escaped-style=\"margin: 0px;\">\n<p><span style=\"font-family: 'arial' , 'helvetica' , sans-serif;\" data-blogger-escaped-style=\"font-family: &quot;arial&quot; , &quot;helvetica&quot; , sans-serif;\"><br \/>\nDr Balliet \u2014 31 ao\u00fbt 2018<\/span><\/p>\n<\/div>\n<div data-blogger-escaped-style=\"margin: 0px;\"><\/div>\n<div data-blogger-escaped-style=\"margin: 0px; text-align: center;\">\n<p><span style=\"font-family: 'arial' , 'helvetica' , sans-serif;\" data-blogger-escaped-style=\"font-family: &quot;arial&quot; , &quot;helvetica&quot; , sans-serif;\"><a href=\"http:\/\/2.bp.blogspot.com\/-w40x33RShNg\/W4mernPQugI\/AAAAAAAADfc\/g6mTvbroDFAHCKzIvTa0Du9Od21ayHjnACK4BGAYYCw\/s1600\/Breisach-Neubreisach-1870-1918.jpg\"><img decoding=\"async\" src=\"https:\/\/2.bp.blogspot.com\/-w40x33RShNg\/W4mernPQugI\/AAAAAAAADfc\/g6mTvbroDFAHCKzIvTa0Du9Od21ayHjnACK4BGAYYCw\/s1600\/Breisach-Neubreisach-1870-1918.jpg\" border=\"0\" \/><\/a><\/span><\/p>\n<\/div>\n<div data-blogger-escaped-style=\"margin: 0px; text-align: center;\"><\/div>\n<h3><span style=\"font-family: 'arial' , 'helvetica' , sans-serif;\" data-blogger-escaped-style=\"font-family: &quot;arial&quot; , &quot;helvetica&quot; , sans-serif;\">Un mus\u00e9e d&rsquo;une grande qualit\u00e9\u2026<\/span><\/h3>\n<div data-blogger-escaped-style=\"margin: 0px; text-align: center;\">\n<p><span style=\"font-family: 'arial' , 'helvetica' , sans-serif;\" data-blogger-escaped-style=\"font-family: &quot;arial&quot; , &quot;helvetica&quot; , sans-serif;\"><a href=\"http:\/\/1.bp.blogspot.com\/-X6O7oJyrz5s\/W4mjMGQp66I\/AAAAAAAADf4\/U4Ob3n-t7r4SVrPmb3BsoqfdUF9MbqFqwCK4BGAYYCw\/s1600\/L1001715.jpg\"><img loading=\"lazy\" decoding=\"async\" src=\"https:\/\/1.bp.blogspot.com\/-X6O7oJyrz5s\/W4mjMGQp66I\/AAAAAAAADf4\/U4Ob3n-t7r4SVrPmb3BsoqfdUF9MbqFqwCK4BGAYYCw\/s640\/L1001715.jpg\" width=\"640\" height=\"546\" border=\"0\" \/><\/a><\/span><\/p>\n<\/div>\n<div data-blogger-escaped-style=\"margin: 0px; text-align: left;\"><\/div>\n<div data-blogger-escaped-style=\"margin: 0px; text-align: center;\">\n<p><span style=\"font-family: 'arial' , 'helvetica' , sans-serif;\" data-blogger-escaped-style=\"font-family: &quot;arial&quot; , &quot;helvetica&quot; , sans-serif;\"><a href=\"http:\/\/3.bp.blogspot.com\/-gGlVAmejHXk\/W4mjL2AIHTI\/AAAAAAAADf0\/T4-F8CR3b3EvSZ0ukb7S7bLtaonZX7-cgCK4BGAYYCw\/s1600\/L1001678.jpg\"><img loading=\"lazy\" decoding=\"async\" src=\"https:\/\/3.bp.blogspot.com\/-gGlVAmejHXk\/W4mjL2AIHTI\/AAAAAAAADf0\/T4-F8CR3b3EvSZ0ukb7S7bLtaonZX7-cgCK4BGAYYCw\/s640\/L1001678.jpg\" width=\"640\" height=\"426\" border=\"0\" \/><\/a><\/span><\/p>\n<\/div>\n<div data-blogger-escaped-style=\"margin: 0px; text-align: left;\"><\/div>\n<div data-blogger-escaped-style=\"margin: 0px; text-align: left;\"><\/div>\n<div data-blogger-escaped-style=\"margin: 0px; text-align: center;\"><\/div>\n<\/div>\n","protected":false},"excerpt":{"rendered":"<p>Breisach und Neubreisach\u00a01870-1918. Zwei Garnisonsst\u00e4dte im Kaiserreich und Ersten Weltkrieg. Le mus\u00e9e d\u2019histoire de la ville de Breisach \u00ab\u2009Museum f\u00fcr Stadtgeschichte, situ\u00e9 presque en regard de Neuf-Brisach propose une exposition temporaire portant sur les importantes garnisons allemandes des villes de Neuf-Brisach et de Breisach qui sont \u00e9troitement li\u00e9es \u00e0 la t\u00eate de pont allemande, puissamment &hellip; <a href=\"http:\/\/www.fortifications.fr\/Blog_Artillerie_fortifications\/?p=211\" class=\"more-link\">Continuer la lecture de <span class=\"screen-reader-text\">Annonce &#8211; exposition sept. 2018 \u2013 f\u00e9vrier 2019 : Breisach und Neubreisach 1870-1918. Zwei Garnisonsst\u00e4dte im Kaiserreich und Ersten Weltkrieg.<\/span> <span class=\"meta-nav\">&rarr;<\/span><\/a><\/p>\n","protected":false},"author":1,"featured_media":0,"comment_status":"open","ping_status":"open","sticky":false,"template":"","format":"standard","meta":{"_exactmetrics_skip_tracking":false,"_exactmetrics_sitenote_active":false,"_exactmetrics_sitenote_note":"","_exactmetrics_sitenote_category":0,"footnotes":""},"categories":[2],"tags":[28,127,6,128,35],"class_list":["post-211","post","type-post","status-publish","format-standard","hentry","category-artillerie-fortifications","tag-1914-1918","tag-breisach-am-rhein","tag-fortifications","tag-garnisons","tag-neuf-brisach"],"_links":{"self":[{"href":"http:\/\/www.fortifications.fr\/Blog_Artillerie_fortifications\/index.php?rest_route=\/wp\/v2\/posts\/211","targetHints":{"allow":["GET"]}}],"collection":[{"href":"http:\/\/www.fortifications.fr\/Blog_Artillerie_fortifications\/index.php?rest_route=\/wp\/v2\/posts"}],"about":[{"href":"http:\/\/www.fortifications.fr\/Blog_Artillerie_fortifications\/index.php?rest_route=\/wp\/v2\/types\/post"}],"author":[{"embeddable":true,"href":"http:\/\/www.fortifications.fr\/Blog_Artillerie_fortifications\/index.php?rest_route=\/wp\/v2\/users\/1"}],"replies":[{"embeddable":true,"href":"http:\/\/www.fortifications.fr\/Blog_Artillerie_fortifications\/index.php?rest_route=%2Fwp%2Fv2%2Fcomments&post=211"}],"version-history":[{"count":1,"href":"http:\/\/www.fortifications.fr\/Blog_Artillerie_fortifications\/index.php?rest_route=\/wp\/v2\/posts\/211\/revisions"}],"predecessor-version":[{"id":212,"href":"http:\/\/www.fortifications.fr\/Blog_Artillerie_fortifications\/index.php?rest_route=\/wp\/v2\/posts\/211\/revisions\/212"}],"wp:attachment":[{"href":"http:\/\/www.fortifications.fr\/Blog_Artillerie_fortifications\/index.php?rest_route=%2Fwp%2Fv2%2Fmedia&parent=211"}],"wp:term":[{"taxonomy":"category","embeddable":true,"href":"http:\/\/www.fortifications.fr\/Blog_Artillerie_fortifications\/index.php?rest_route=%2Fwp%2Fv2%2Fcategories&post=211"},{"taxonomy":"post_tag","embeddable":true,"href":"http:\/\/www.fortifications.fr\/Blog_Artillerie_fortifications\/index.php?rest_route=%2Fwp%2Fv2%2Ftags&post=211"}],"curies":[{"name":"wp","href":"https:\/\/api.w.org\/{rel}","templated":true}]}}