{"id":25,"date":"2016-06-26T12:07:59","date_gmt":"2016-06-26T11:07:59","guid":{"rendered":"http:\/\/www.fortifications.fr\/Blog_Artillerie_fortifications\/?p=25"},"modified":"2016-06-26T12:07:59","modified_gmt":"2016-06-26T11:07:59","slug":"un-livre-un-jour-vauban-le-directeur-general-des-fortifications","status":"publish","type":"post","link":"http:\/\/www.fortifications.fr\/Blog_Artillerie_fortifications\/?p=25","title":{"rendered":"Un livre, un jour\u2026  VAUBAN &#8211; Le directeur g\u00e9n\u00e9ral des fortifications"},"content":{"rendered":"<p>Dans son m\u00e9moire intitul\u00e9 \u00ab Le directeur g\u00e9n\u00e9ral des fortifications \u00bb, r\u00e9dig\u00e9 en 1680, Vauban d\u00e9finit les t\u00e2ches de chaque responsable. Ce m\u00e9moire fait rapidement l&rsquo;objet d&rsquo;une premi\u00e8re \u00e9dition pirate en Hollande d\u00e8s 1685 (\u00e9d. Van Bulderen) qui semble avoir \u00e9t\u00e9 promptement \u00e9puis\u00e9e. Elle est rapidement suivie par une seconde \u00e9dition propos\u00e9e par M\u0153tjens d\u00e8s 1689.<\/p>\n<figure id=\"attachment_26\" aria-describedby=\"caption-attachment-26\" style=\"width: 266px\" class=\"wp-caption alignright\"><a href=\"http:\/\/www.fortifications.fr\/Blog_Artillerie_fortifications\/wp-content\/uploads\/2016\/06\/Directeur-g\u00e9n\u00e9ral-des-fortifications-Vauban.jpg\"><img loading=\"lazy\" decoding=\"async\" class=\" wp-image-26\" src=\"http:\/\/www.fortifications.fr\/Blog_Artillerie_fortifications\/wp-content\/uploads\/2016\/06\/Directeur-g\u00e9n\u00e9ral-des-fortifications-Vauban.jpg\" alt=\"VAUBAN (S\u00e9bastien le Prestre de) - Le directeur g\u00e9n\u00e9ral des fortifications par Mosr. de Vauban, Ing\u00e9nieur g\u00e9n\u00e9ral de France, &amp;c. Seconde \u00e9dition rev\u00fb\u0113 et corrig\u00e9. La Haye, Arian Moetjens, 1689.\" width=\"266\" height=\"473\" srcset=\"http:\/\/www.fortifications.fr\/Blog_Artillerie_fortifications\/wp-content\/uploads\/2016\/06\/Directeur-g\u00e9n\u00e9ral-des-fortifications-Vauban.jpg 450w, http:\/\/www.fortifications.fr\/Blog_Artillerie_fortifications\/wp-content\/uploads\/2016\/06\/Directeur-g\u00e9n\u00e9ral-des-fortifications-Vauban-169x300.jpg 169w\" sizes=\"auto, (max-width: 266px) 100vw, 266px\" \/><\/a><figcaption id=\"caption-attachment-26\" class=\"wp-caption-text\">VAUBAN (S\u00e9bastien le Prestre de) &#8211; Le directeur g\u00e9n\u00e9ral des fortifications par Mosr. de Vauban, Ing\u00e9nieur g\u00e9n\u00e9ral de France, &amp;c. Seconde \u00e9dition rev\u00fb\u0113 et corrig\u00e9. La Haye, Arian Moetjens, 1689.<\/figcaption><\/figure>\n<p>Dans son \u00e9pitre d\u00e9dicatoire, il la justifie comme suit : \u00ab <em>Ce petit trait\u00e9, que je prends la libert\u00e9 d&rsquo;offrir \u00e0 votre altesse s\u00e9r\u00e9nissime a voulu para\u00eetre il y a quelque temps dans une ville voisine de cet \u00e9tat; mais le grand cr\u00e9dit de l&rsquo;auteur sans la permission duquel il pr\u00e9tendait se produire en public, plut\u00f4t la crainte que l&rsquo;on con\u00e7\u00fbt que les \u00e9trangers en profitassent, l&rsquo;a fait incontinent (sic.) dispara\u00eetre. Si bien qu&rsquo;il a \u00e9t\u00e9 oblig\u00e9 de chercher ailleurs que dans sa patrie la libert\u00e9 de se faire voir.<\/em> [\u2026] \u00bb.<\/p>\n<p>Cet ouvrage se divise en deux parties. Dans la premi\u00e8re, Vauban d\u00e9finit l\u2019organisation par subordination hi\u00e9rarchique des ing\u00e9nieurs et d\u00e9taille les comp\u00e9tences et les t\u00e2ches de chacun. Il d\u00e9taille plus particuli\u00e8rement les fonctions suivantes : directeur g\u00e9n\u00e9ral, intendant des fortifications, ing\u00e9nieur ordinaire, ing\u00e9nieurs en second, conducteurs et chasse-avants (inspecteurs commis dans les grands ateliers pour diriger les ouvriers, faire marcher les chariots). La seconde partie pr\u00e9sente un caract\u00e8re plus technique : tois\u00e9, estimation des d\u00e9penses, devis et march\u00e9s.<\/p>\n<p>VAUBAN (S\u00e9bastien le Prestre de) &#8211; Le directeur g\u00e9n\u00e9ral des fortifications par Mosr. de Vauban, Ing\u00e9nieur g\u00e9n\u00e9ral de France, &amp;c. Seconde \u00e9dition rev\u00fb\u0113 et corrig\u00e9. La Haye, Arian Moetjens, 1689.<\/p>\n","protected":false},"excerpt":{"rendered":"<p>Dans son m\u00e9moire intitul\u00e9 \u00ab Le directeur g\u00e9n\u00e9ral des fortifications \u00bb, r\u00e9dig\u00e9 en 1680, Vauban d\u00e9finit les t\u00e2ches de chaque responsable. Ce m\u00e9moire fait rapidement l&rsquo;objet d&rsquo;une premi\u00e8re \u00e9dition pirate en Hollande d\u00e8s 1685 (\u00e9d. Van Bulderen) qui semble avoir \u00e9t\u00e9 promptement \u00e9puis\u00e9e. Elle est rapidement suivie par une seconde \u00e9dition propos\u00e9e par M\u0153tjens d\u00e8s &hellip; <a href=\"http:\/\/www.fortifications.fr\/Blog_Artillerie_fortifications\/?p=25\" class=\"more-link\">Continuer la lecture de <span class=\"screen-reader-text\">Un livre, un jour\u2026  VAUBAN &#8211; Le directeur g\u00e9n\u00e9ral des fortifications<\/span> <span class=\"meta-nav\">&rarr;<\/span><\/a><\/p>\n","protected":false},"author":1,"featured_media":0,"comment_status":"open","ping_status":"open","sticky":false,"template":"","format":"standard","meta":{"_exactmetrics_skip_tracking":false,"_exactmetrics_sitenote_active":false,"_exactmetrics_sitenote_note":"","_exactmetrics_sitenote_category":0,"footnotes":""},"categories":[2,3,18,5,17],"tags":[8,20,19,6,7],"class_list":["post-25","post","type-post","status-publish","format-standard","hentry","category-artillerie-fortifications","category-bibliographie","category-fortification-bastionnee","category-ouvrages-sur-les-fortifications","category-vauban","tag-architecture-militaire","tag-bibliographie","tag-fortification-bastionnee","tag-fortifications","tag-vauban"],"_links":{"self":[{"href":"http:\/\/www.fortifications.fr\/Blog_Artillerie_fortifications\/index.php?rest_route=\/wp\/v2\/posts\/25","targetHints":{"allow":["GET"]}}],"collection":[{"href":"http:\/\/www.fortifications.fr\/Blog_Artillerie_fortifications\/index.php?rest_route=\/wp\/v2\/posts"}],"about":[{"href":"http:\/\/www.fortifications.fr\/Blog_Artillerie_fortifications\/index.php?rest_route=\/wp\/v2\/types\/post"}],"author":[{"embeddable":true,"href":"http:\/\/www.fortifications.fr\/Blog_Artillerie_fortifications\/index.php?rest_route=\/wp\/v2\/users\/1"}],"replies":[{"embeddable":true,"href":"http:\/\/www.fortifications.fr\/Blog_Artillerie_fortifications\/index.php?rest_route=%2Fwp%2Fv2%2Fcomments&post=25"}],"version-history":[{"count":2,"href":"http:\/\/www.fortifications.fr\/Blog_Artillerie_fortifications\/index.php?rest_route=\/wp\/v2\/posts\/25\/revisions"}],"predecessor-version":[{"id":28,"href":"http:\/\/www.fortifications.fr\/Blog_Artillerie_fortifications\/index.php?rest_route=\/wp\/v2\/posts\/25\/revisions\/28"}],"wp:attachment":[{"href":"http:\/\/www.fortifications.fr\/Blog_Artillerie_fortifications\/index.php?rest_route=%2Fwp%2Fv2%2Fmedia&parent=25"}],"wp:term":[{"taxonomy":"category","embeddable":true,"href":"http:\/\/www.fortifications.fr\/Blog_Artillerie_fortifications\/index.php?rest_route=%2Fwp%2Fv2%2Fcategories&post=25"},{"taxonomy":"post_tag","embeddable":true,"href":"http:\/\/www.fortifications.fr\/Blog_Artillerie_fortifications\/index.php?rest_route=%2Fwp%2Fv2%2Ftags&post=25"}],"curies":[{"name":"wp","href":"https:\/\/api.w.org\/{rel}","templated":true}]}}