{"id":94,"date":"2016-10-22T11:03:59","date_gmt":"2016-10-22T09:03:59","guid":{"rendered":"http:\/\/www.fortifications.fr\/Blog_Artillerie_fortifications\/?p=94"},"modified":"2016-10-22T11:03:59","modified_gmt":"2016-10-22T09:03:59","slug":"ars-militaris-nach-der-revolution-der-europaische-festungsbau-in-der-1-halfte-des-19-jahrhunderts-und-seine-grundlagen-parution","status":"publish","type":"post","link":"http:\/\/www.fortifications.fr\/Blog_Artillerie_fortifications\/?p=94","title":{"rendered":"Ars militaris nach der Revolution. der europ\u00e4ische Festungsbau in der 1. H\u00e4lfte des 19. Jahrhunderts und seine Grundlagen [parution]"},"content":{"rendered":"<p><a href=\"http:\/\/3.bp.blogspot.com\/-6bcOofjTGxE\/V-_pMspvYCI\/AAAAAAAABKg\/4OxnCFiA4GAoYwvYCvFqsMgcicR6qT9fACK4B\/s1600\/8787_131.jpg\" data-blogger-escaped-style=\"clear: right; float: right; margin-bottom: 1em; margin-left: 1em;\"><img loading=\"lazy\" decoding=\"async\" class=\"alignright\" src=\"https:\/\/3.bp.blogspot.com\/-6bcOofjTGxE\/V-_pMspvYCI\/AAAAAAAABKg\/4OxnCFiA4GAoYwvYCvFqsMgcicR6qT9fACK4B\/s400\/8787_131.jpg\" width=\"281\" height=\"400\" border=\"0\" \/><\/a><span data-blogger-escaped-style=\"font-family: &quot;verdana&quot; , sans-serif;\">\u00c0 signaler la publication du volu<\/span><span data-blogger-escaped-style=\"font-family: &quot;verdana&quot; , sans-serif;\">me 8 de l&rsquo;excellente s\u00e9rie d&rsquo;ouvrages publi\u00e9s \u00e0 la suite des colloques annuels de la Deutsche Gesellschaft f\u00fcr Festungsforschung <\/span><span data-blogger-escaped-style=\"font-family: &quot;verdana&quot; , sans-serif;\">[DGF]\u2026\u00a0<\/span><\/p>\n<p>&nbsp;<\/p>\n<p>&nbsp;<\/p>\n<p>&nbsp;<\/p>\n<p><span data-blogger-escaped-style=\"font-family: &quot;verdana&quot; , sans-serif;\"><br \/>\n<\/span><span data-blogger-escaped-style=\"font-family: &quot;verdana&quot; , sans-serif;\"><strong>[FESTUNGSFORSCHUNG Bd. 8] &#8211; KUPKA (Hrsg. A.)\u00a0<\/strong>&#8211;\u00a0<em>Ars militaris nach der Revolution. der europ\u00e4ische Festungsbau in der 1. H\u00e4lfte des 19. Jahrhunderts und seine Grundlagen<\/em>.\u00a0Regensburg, Schnell &amp;amp; Steiner &#8211; Deutsche Gesellschaft f\u00fcr Festungsforschung, 2016 ; in-8, 272 pp.<\/span><span data-blogger-escaped-style=\"font-family: &quot;verdana&quot; , sans-serif;\"><br \/>\n<\/span><span data-blogger-escaped-style=\"font-family: &quot;verdana&quot; , sans-serif;\">ISBN:\u00a0978-3-7954-3140-2<\/span><\/p>\n<p><span data-blogger-escaped-style=\"font-family: &quot;verdana&quot; , sans-serif;\"><br \/>\n<\/span><span data-blogger-escaped-style=\"font-family: &quot;verdana&quot; , sans-serif;\">Les sujets trait\u00e9s abordent une p\u00e9riode importante et par trop n\u00e9glig\u00e9e : cette premi\u00e8re moiti\u00e9 du 19e si\u00e8cle qui comprend encore les guerres de l&rsquo;Empire. C&rsquo;est durant cette m\u00eame p\u00e9riode qu&rsquo;on s&rsquo;\u00e9loigne, peu \u00e0 peu, des dogmes profess\u00e9s par la fortification bastionn\u00e9e et ses hagiographes.<\/span><span data-blogger-escaped-style=\"font-family: &quot;verdana&quot; , sans-serif;\"><br \/>\n<\/span><span data-blogger-escaped-style=\"font-family: &quot;verdana&quot; , sans-serif;\">La diversit\u00e9 et la richesse des contributions t\u00e9moignent d&rsquo;une dynamique qu&rsquo;il faut initialement chercher en Allemagne et en Italie, m\u00eame si la main est,\u00a0\u00e9tonnamment, parfois fran\u00e7aise (cf. infra) :<\/span><\/p>\n<ol>\n<li><span data-blogger-escaped-style=\"font-family: &quot;verdana&quot; , sans-serif;\">KUPKA A.\u00a0&#8211; Ein kleiner \u00dcberblick zur K\u00f6lner Stadtbefestigung.<\/span><\/li>\n<li><span data-blogger-escaped-style=\"font-family: &quot;verdana&quot; , sans-serif;\">OTTERSBACH C.\u00a0&#8211; T\u00fcrme, Kaponnieren und Kasematten. Die Grundlagen f\u00fcr den europ\u00e4ischen Festungsbau der ersten h\u00e4lfte des 10. Jahrhunderts.<\/span><\/li>\n<li><span data-blogger-escaped-style=\"font-family: &quot;verdana&quot; , sans-serif;\">SIEVERT P.\u00a0&#8211; Die preu\u00dfische Befestigung K\u00f6lns von 1815 bis 1870.<\/span><\/li>\n<li><span data-blogger-escaped-style=\"font-family: &quot;verdana&quot; , sans-serif;\">MEYNEN H.\u00a0&#8211; Bauk\u00fcnstlerische Gestaltung der K\u00f6lner Milit\u00e4rarchitektur seit 1815.<\/span><\/li>\n<li><span data-blogger-escaped-style=\"font-family: &quot;verdana&quot; , sans-serif;\">LOEW B.\u00a0&#8211; Die preu\u00dfische Modernisierung der Festung und der Garnison Saarlouis.<\/span><\/li>\n<li><span data-blogger-escaped-style=\"font-family: &quot;verdana&quot; , sans-serif;\">WAGNER R.\u00a0&#8211; Milit\u00e4rarchitektonische Experimente in der Festung Luxemburg.<\/span><\/li>\n<li><span data-blogger-escaped-style=\"font-family: &quot;verdana&quot; , sans-serif;\">PODRUCCZNY G.\u00a0&#8211; Die T\u00e4tigkeit Friedrichs des Gro\u00dfen auf dem Feld der best\u00e4ndigen Befestigung und sein Einfluss auf die Befestigung des 19. Jahrhunderts.<\/span><\/li>\n<li><span data-blogger-escaped-style=\"font-family: &quot;verdana&quot; , sans-serif;\">JORDAN K.\u00a0&#8211; Die hoheitliche Kennzeichnung der Bundesfestungen 1815-1866. Ein Rekonstruktionsversuch.<\/span><\/li>\n<li><span data-blogger-escaped-style=\"font-family: &quot;verdana&quot; , sans-serif;\">BALLIET J.M.\u00a0&#8211; Der franz\u00f6sische Genieoffizier Chasseloup de Laubat und der Napoleonische Einfluss auf den Festungen in Norditalien (1796-1830).<\/span><\/li>\n<li><span data-blogger-escaped-style=\"font-family: &quot;verdana&quot; , sans-serif;\">BRAGARD Ph.\u00a0&#8211; The defensive system of the Dutch Belgium (1815-1830).<\/span><\/li>\n<li><span data-blogger-escaped-style=\"font-family: &quot;verdana&quot; , sans-serif;\">BAKKER H.\u00a0&#8211; Die neue Holl\u00e4ndische Wasserlinie.<\/span><\/li>\n<li><span data-blogger-escaped-style=\"font-family: &quot;verdana&quot; , sans-serif;\">BERTHOLD A., MADER I.\u00a0&#8211; Der Festungsplaner Maximilian Joseph von \u00d6sterreich-Este.<\/span><\/li>\n<li><span data-blogger-escaped-style=\"font-family: &quot;verdana&quot; , sans-serif;\">RELLA C.\u00a0&#8211; Der europ\u00e4ische Festungsbau in \u00dcbersee 1800-1850.<\/span><\/li>\n<\/ol>\n<p><span data-blogger-escaped-style=\"font-family: &quot;verdana&quot; , sans-serif;\">\u00c0 titre personnel, ma contribution \u00e0 cette publication me permet, enfin, de finaliser, sous une forme adapt\u00e9e, un projet initi\u00e9 onze ans auparavant lors du colloque d&rsquo;Annecy (27e BCA &#8211; Alpyfort, 2015) et portant sur les fortifications fran\u00e7aises du Premier Empire et, plus particuli\u00e8rement, le g\u00e9n\u00e9ral Chasseloup de Laubat.<\/span><\/p>\n<p><span data-blogger-escaped-style=\"font-family: &quot;verdana&quot; , sans-serif;\">\u00c0 cet effet, il m&rsquo;a \u00e9t\u00e9 donn\u00e9 d&rsquo;intervenir lors du colloque de Cologne (2014) et de r\u00e9diger \u2014 plus difficilement, car en langue allemande \u2014 une communication cons\u00e9quente \u00e0 ce propos : (trad. libre)\u00a0Le g\u00e9n\u00e9ral Chasseloup de Laubat et l&rsquo;influence de Napol\u00e9on Bonaparte sur les fortifications en Italie du nord (1796-1830).<\/span><\/p>\n<p><span data-blogger-escaped-style=\"font-family: &quot;verdana&quot; , sans-serif;\">C&rsquo;est tout \u00e0 l&rsquo;honneur de nos h\u00f4tes (et amis) allemands de la DGF !<\/span><\/p>\n<p><span data-blogger-escaped-style=\"font-family: &quot;verdana&quot; , sans-serif;\">Bien cordialement<\/span><\/p>\n<p><span data-blogger-escaped-style=\"font-family: &quot;verdana&quot; , sans-serif;\"><br \/>\n<\/span><span data-blogger-escaped-style=\"font-family: &quot;verdana&quot; , sans-serif;\">JMB\u00a0<\/span><\/p>\n<p><span data-blogger-escaped-style=\"font-family: &quot;verdana&quot; , sans-serif;\"><br \/>\n<\/span><span data-blogger-escaped-style=\"font-family: &quot;verdana&quot; , sans-serif;\">Vers la\u00a0<a href=\"http:\/\/www.schnell-und-steiner.de\/artikel_8787.ahtml\" data-blogger-escaped-target=\"_blank\">page sur le site de l&rsquo;\u00e9diteur<\/a><\/span><\/p>\n","protected":false},"excerpt":{"rendered":"<p>\u00c0 signaler la publication du volume 8 de l&rsquo;excellente s\u00e9rie d&rsquo;ouvrages publi\u00e9s \u00e0 la suite des colloques annuels de la Deutsche Gesellschaft f\u00fcr Festungsforschung [DGF]\u2026\u00a0 &nbsp; &nbsp; &nbsp; [FESTUNGSFORSCHUNG Bd. 8] &#8211; KUPKA (Hrsg. A.)\u00a0&#8211;\u00a0Ars militaris nach der Revolution. der europ\u00e4ische Festungsbau in der 1. H\u00e4lfte des 19. Jahrhunderts und seine Grundlagen.\u00a0Regensburg, Schnell &amp;amp; Steiner &hellip; <a href=\"http:\/\/www.fortifications.fr\/Blog_Artillerie_fortifications\/?p=94\" class=\"more-link\">Continuer la lecture de <span class=\"screen-reader-text\">Ars militaris nach der Revolution. der europ\u00e4ische Festungsbau in der 1. H\u00e4lfte des 19. Jahrhunderts und seine Grundlagen [parution]<\/span> <span class=\"meta-nav\">&rarr;<\/span><\/a><\/p>\n","protected":false},"author":1,"featured_media":0,"comment_status":"open","ping_status":"open","sticky":false,"template":"","format":"standard","meta":{"_exactmetrics_skip_tracking":false,"_exactmetrics_sitenote_active":false,"_exactmetrics_sitenote_note":"","_exactmetrics_sitenote_category":0,"footnotes":""},"categories":[3,5],"tags":[8,13,19,6],"class_list":["post-94","post","type-post","status-publish","format-standard","hentry","category-bibliographie","category-ouvrages-sur-les-fortifications","tag-architecture-militaire","tag-balliet","tag-fortification-bastionnee","tag-fortifications"],"_links":{"self":[{"href":"http:\/\/www.fortifications.fr\/Blog_Artillerie_fortifications\/index.php?rest_route=\/wp\/v2\/posts\/94","targetHints":{"allow":["GET"]}}],"collection":[{"href":"http:\/\/www.fortifications.fr\/Blog_Artillerie_fortifications\/index.php?rest_route=\/wp\/v2\/posts"}],"about":[{"href":"http:\/\/www.fortifications.fr\/Blog_Artillerie_fortifications\/index.php?rest_route=\/wp\/v2\/types\/post"}],"author":[{"embeddable":true,"href":"http:\/\/www.fortifications.fr\/Blog_Artillerie_fortifications\/index.php?rest_route=\/wp\/v2\/users\/1"}],"replies":[{"embeddable":true,"href":"http:\/\/www.fortifications.fr\/Blog_Artillerie_fortifications\/index.php?rest_route=%2Fwp%2Fv2%2Fcomments&post=94"}],"version-history":[{"count":1,"href":"http:\/\/www.fortifications.fr\/Blog_Artillerie_fortifications\/index.php?rest_route=\/wp\/v2\/posts\/94\/revisions"}],"predecessor-version":[{"id":95,"href":"http:\/\/www.fortifications.fr\/Blog_Artillerie_fortifications\/index.php?rest_route=\/wp\/v2\/posts\/94\/revisions\/95"}],"wp:attachment":[{"href":"http:\/\/www.fortifications.fr\/Blog_Artillerie_fortifications\/index.php?rest_route=%2Fwp%2Fv2%2Fmedia&parent=94"}],"wp:term":[{"taxonomy":"category","embeddable":true,"href":"http:\/\/www.fortifications.fr\/Blog_Artillerie_fortifications\/index.php?rest_route=%2Fwp%2Fv2%2Fcategories&post=94"},{"taxonomy":"post_tag","embeddable":true,"href":"http:\/\/www.fortifications.fr\/Blog_Artillerie_fortifications\/index.php?rest_route=%2Fwp%2Fv2%2Ftags&post=94"}],"curies":[{"name":"wp","href":"https:\/\/api.w.org\/{rel}","templated":true}]}}